{"id":926,"date":"2022-09-08T01:18:00","date_gmt":"2022-09-08T01:18:00","guid":{"rendered":"http:\/\/notiamba.com\/?p=926"},"modified":"2023-11-14T16:13:30","modified_gmt":"2023-11-14T16:13:30","slug":"la-plata-proyectan-una-nueva-ciclovia-que-unira-el-parque-lineal-de-tolosa-con-avenida-antartida","status":"publish","type":"post","link":"https:\/\/notiamba.com\/index.php\/2022\/09\/08\/la-plata-proyectan-una-nueva-ciclovia-que-unira-el-parque-lineal-de-tolosa-con-avenida-antartida\/","title":{"rendered":"LA PLATA: PROYECTAN UNA NUEVA CICLOV\u00cdA QUE UNIR\u00c1 EL PARQUE LINEAL DE TOLOSA CON AVENIDA ANTARTIDA"},"content":{"rendered":"\n<p>Bajo el objetivo de reordenar el tr\u00e1nsito y fomentar la movilidad sustentable, el Municipio construir\u00e1 una nueva ciclov\u00eda en Avenida 526, desde calle 3 hasta Avenida 13. \u201cEstamos dando un paso m\u00e1s hacia una ciudad sustentable y moderna\u201d, destac\u00f3 el intendente Julio Garro.<\/p>\n\n\n\n<p>La obra consistir\u00e1 en m\u00e1s de un kil\u00f3metro de carriles exclusivos para quienes opten por la bicicleta como medio de transporte e incluir\u00e1 se\u00f1alizaci\u00f3n vial para la circulaci\u00f3n vehicular y peatonal, con demarcaciones en cruces y prolongaciones de rambla.<\/p>\n\n\n\n<p>\u201cSeguimos sumando kil\u00f3metros a nuestra red de ciclov\u00edas para que cada vez m\u00e1s vecinos elijan moverse en bici en la Ciudad, un medio de transporte mucho m\u00e1s saludable y amigable con el medio ambiente. Estamos dando un paso m\u00e1s hacia una ciudad sustentable y moderna\u201d sostuvo el jefe comunal, y valor\u00f3: \u201cHoy vemos el resultado de la planificaci\u00f3n y el trabajo sostenido de todos estos a\u00f1os\u201d.<\/p>\n\n\n\n<p>El proyecto se enmarca en una pol\u00edtica integral que impulsa la Comuna en materia de seguridad vial. \u201cEsta nueva obra se suma a los m\u00e1s de 40 kil\u00f3metros de bicisendas y ciclov\u00edas que ya se encuentran en funcionamiento y conectan distintos barrios del Partido\u201d, afirm\u00f3 el secretario de Espacios P\u00fablicos, Jos\u00e9 Etchart.<\/p>\n\n\n\n<p>En esta l\u00ednea, recientemente se anunci\u00f3 la construcci\u00f3n de un nuevo tramo de carriles exclusivos para ciclistas que conectar\u00e1 la zona de universidades con el centro de la Ciudad, la cual se extender\u00e1 sobre Diagonal 79 desde Avenida 1 hasta calle 6.<\/p>\n","protected":false},"excerpt":{"rendered":"<p>Bajo el objetivo de reordenar el tr\u00e1nsito y fomentar la movilidad sustentable, el Municipio construir\u00e1 una nueva ciclov\u00eda en Avenida 526, desde calle 3 hasta Avenida 13. \u201cEstamos dando un paso m\u00e1s hacia una ciudad sustentable y moderna\u201d, destac\u00f3 el intendente Julio Garro. La obra consistir\u00e1 en m\u00e1s de un kil\u00f3metro de carriles exclusivos para [&hellip;]<\/p>\n","protected":false},"author":1,"featured_media":927,"comment_status":"closed","ping_status":"closed","sticky":false,"template":"","format":"standard","meta":{"footnotes":""},"categories":[16],"tags":[],"class_list":{"0":"post-926","1":"post","2":"type-post","3":"status-publish","4":"format-standard","5":"has-post-thumbnail","7":"category-sociedad-mello-merlo"},"_links":{"self":[{"href":"https:\/\/notiamba.com\/index.php\/wp-json\/wp\/v2\/posts\/926","targetHints":{"allow":["GET"]}}],"collection":[{"href":"https:\/\/notiamba.com\/index.php\/wp-json\/wp\/v2\/posts"}],"about":[{"href":"https:\/\/notiamba.com\/index.php\/wp-json\/wp\/v2\/types\/post"}],"author":[{"embeddable":true,"href":"https:\/\/notiamba.com\/index.php\/wp-json\/wp\/v2\/users\/1"}],"replies":[{"embeddable":true,"href":"https:\/\/notiamba.com\/index.php\/wp-json\/wp\/v2\/comments?post=926"}],"version-history":[{"count":1,"href":"https:\/\/notiamba.com\/index.php\/wp-json\/wp\/v2\/posts\/926\/revisions"}],"predecessor-version":[{"id":928,"href":"https:\/\/notiamba.com\/index.php\/wp-json\/wp\/v2\/posts\/926\/revisions\/928"}],"wp:featuredmedia":[{"embeddable":true,"href":"https:\/\/notiamba.com\/index.php\/wp-json\/wp\/v2\/media\/927"}],"wp:attachment":[{"href":"https:\/\/notiamba.com\/index.php\/wp-json\/wp\/v2\/media?parent=926"}],"wp:term":[{"taxonomy":"category","embeddable":true,"href":"https:\/\/notiamba.com\/index.php\/wp-json\/wp\/v2\/categories?post=926"},{"taxonomy":"post_tag","embeddable":true,"href":"https:\/\/notiamba.com\/index.php\/wp-json\/wp\/v2\/tags?post=926"}],"curies":[{"name":"wp","href":"https:\/\/api.w.org\/{rel}","templated":true}]}}