{"id":804,"date":"2022-05-05T01:12:00","date_gmt":"2022-05-05T01:12:00","guid":{"rendered":"http:\/\/notiamba.com\/?p=804"},"modified":"2023-11-14T16:28:54","modified_gmt":"2023-11-14T16:28:54","slug":"tension-en-moreno-por-el-desalojo-de-la-feria-de-las-flores","status":"publish","type":"post","link":"https:\/\/notiamba.com\/index.php\/2022\/05\/05\/tension-en-moreno-por-el-desalojo-de-la-feria-de-las-flores\/","title":{"rendered":"TENSI\u00d3N EN MORENO POR EL DESALOJO DE LA FERIA DE LAS FLORES"},"content":{"rendered":"\n<p>El juez de falta de&nbsp;Moreno&nbsp;orden\u00f3 este mi\u00e9rcoles el desalojo de la Feria de Las Flores, por lo que se despleg\u00f3 un fuerte operativo policial para retirar los puestos y a los vendedores que resist\u00edan la mudanza.Los efectivos avanzaron sobre los feriantes que no quer\u00edan retirarse del lugar y reprimieron con balas de gomas, mientras los manifestantes respondieron con piedras. En tanto, las m\u00e1quinas excavadoras levantaron los puestos que a\u00fan quedaban en pie.Seg\u00fan trascendi\u00f3, la feria, que actualmente se encontraba sobre la Ruta 23, ser\u00e1 trasladada a otro predio. Mientras que en terreno donde estaba la feria, el municipio tiene un proyecto para construir el Parque Argentino, junto a Naci\u00f3n.<\/p>\n\n\n\n<p>Cerca de&nbsp;400 feriantes se inscribieron en la municipalidad de Moreno&nbsp;ante la posibilidad de tener un espacio habilitado, m\u00e1s seguro e higi\u00e9nico.&nbsp;Sin embargo, otro grupo de feriantes aseguraron no tener precisiones sobre d\u00f3nde los reubicar\u00e1n.<\/p>\n\n\n\n<p>Fuentes municipales afirmaron que el predio estaba tomado y por eso accionaron para su desalojo. Adem\u00e1s, hab\u00edan sido notificados que dentro de la feria vend\u00edan tel\u00e9fonos robados, autopartes, incluso animales y drogas.<\/p>\n\n\n\n<p>Esta ma\u00f1ana, mientras la Infanter\u00eda avanzaba con escudos, algunos feriantes, con banderas en contra del desalojo, intentaron resistir el embate. En ese momento, seg\u00fan indicaron, se produjo el enfrentamiento.<\/p>\n","protected":false},"excerpt":{"rendered":"<p>El juez de falta de&nbsp;Moreno&nbsp;orden\u00f3 este mi\u00e9rcoles el desalojo de la Feria de Las Flores, por lo que se despleg\u00f3 un fuerte operativo policial para retirar los puestos y a los vendedores que resist\u00edan la mudanza.Los efectivos avanzaron sobre los feriantes que no quer\u00edan retirarse del lugar y reprimieron con balas de gomas, mientras los [&hellip;]<\/p>\n","protected":false},"author":1,"featured_media":805,"comment_status":"closed","ping_status":"closed","sticky":false,"template":"","format":"standard","meta":{"footnotes":""},"categories":[18],"tags":[],"class_list":{"0":"post-804","1":"post","2":"type-post","3":"status-publish","4":"format-standard","5":"has-post-thumbnail","7":"category-policiales-nacionales"},"_links":{"self":[{"href":"https:\/\/notiamba.com\/index.php\/wp-json\/wp\/v2\/posts\/804","targetHints":{"allow":["GET"]}}],"collection":[{"href":"https:\/\/notiamba.com\/index.php\/wp-json\/wp\/v2\/posts"}],"about":[{"href":"https:\/\/notiamba.com\/index.php\/wp-json\/wp\/v2\/types\/post"}],"author":[{"embeddable":true,"href":"https:\/\/notiamba.com\/index.php\/wp-json\/wp\/v2\/users\/1"}],"replies":[{"embeddable":true,"href":"https:\/\/notiamba.com\/index.php\/wp-json\/wp\/v2\/comments?post=804"}],"version-history":[{"count":1,"href":"https:\/\/notiamba.com\/index.php\/wp-json\/wp\/v2\/posts\/804\/revisions"}],"predecessor-version":[{"id":806,"href":"https:\/\/notiamba.com\/index.php\/wp-json\/wp\/v2\/posts\/804\/revisions\/806"}],"wp:featuredmedia":[{"embeddable":true,"href":"https:\/\/notiamba.com\/index.php\/wp-json\/wp\/v2\/media\/805"}],"wp:attachment":[{"href":"https:\/\/notiamba.com\/index.php\/wp-json\/wp\/v2\/media?parent=804"}],"wp:term":[{"taxonomy":"category","embeddable":true,"href":"https:\/\/notiamba.com\/index.php\/wp-json\/wp\/v2\/categories?post=804"},{"taxonomy":"post_tag","embeddable":true,"href":"https:\/\/notiamba.com\/index.php\/wp-json\/wp\/v2\/tags?post=804"}],"curies":[{"name":"wp","href":"https:\/\/api.w.org\/{rel}","templated":true}]}}