{"id":708,"date":"2022-02-04T12:01:00","date_gmt":"2022-02-04T12:01:00","guid":{"rendered":"http:\/\/notiamba.com\/?p=708"},"modified":"2023-11-14T16:43:53","modified_gmt":"2023-11-14T16:43:53","slug":"pavimentacion-y-construccion-de-calzada-en-interseccion-de-ruta-24-y-25-en-moreno","status":"publish","type":"post","link":"https:\/\/notiamba.com\/index.php\/2022\/02\/04\/pavimentacion-y-construccion-de-calzada-en-interseccion-de-ruta-24-y-25-en-moreno\/","title":{"rendered":"PAVIMENTACI\u00d3N Y CONSTRUCCI\u00d3N DE CALZADA EN INTERSECCI\u00d3N DE RUTA 24 Y 25 EN MORENO"},"content":{"rendered":"\n<p>La Direcci\u00f3n de Vialidad de la Provincia de Buenos Aires, junto con la Secretar\u00eda de Obras y Servicios P\u00fablicos del municipio de Moreno, avanzan con la obra de pavimentaci\u00f3n y construcci\u00f3n de segunda calzada en la Ruta Provincial N\u00b0 25 en jurisdicci\u00f3n del partido de Moreno.<\/p>\n\n\n\n<p>Se trata de la pavimentaci\u00f3n y construcci\u00f3n de calzada, en el tramo comprendido entre la Avenida San Fernando y la rotonda de intersecci\u00f3n de las Rutas Provinciales N\u00b0 24 y N\u00b025.<\/p>\n\n\n\n<p>Las intervenciones se desarrollan sobre una longitud de 1.200 metros y contemplan la conformaci\u00f3n de banquinas, d\u00e1rsenas de acceso, egreso y giros, desag\u00fces pluviales, iluminaci\u00f3n, semaforizaci\u00f3n y se\u00f1alizaci\u00f3n horizontal y vertical.<\/p>\n\n\n\n<p>La construcci\u00f3n de la segunda calzada, para la cual&nbsp;la Provincia invirti\u00f3 m\u00e1s de 205 millones de pesos, va a aumentar la seguridad vial de los usuarios y a optimizar los tiempos de viaje de quienes circulen por dicha ruta.<\/p>\n\n\n\n<p>Adem\u00e1s, en el marco de la puesta en valor de la Ruta Provincial N\u00b0 25, la Direcci\u00f3n de Vialidad est\u00e1 pr\u00f3xima&nbsp;a iniciar los trabajos de pavimentaci\u00f3n y ensanche en el tramo comprendido entre la Ruta Provincial N\u00b0 24 y la calle J. Verdaguer,&nbsp;tambi\u00e9n en el partido de Moreno.<\/p>\n","protected":false},"excerpt":{"rendered":"<p>La Direcci\u00f3n de Vialidad de la Provincia de Buenos Aires, junto con la Secretar\u00eda de Obras y Servicios P\u00fablicos del municipio de Moreno, avanzan con la obra de pavimentaci\u00f3n y construcci\u00f3n de segunda calzada en la Ruta Provincial N\u00b0 25 en jurisdicci\u00f3n del partido de Moreno. Se trata de la pavimentaci\u00f3n y construcci\u00f3n de calzada, [&hellip;]<\/p>\n","protected":false},"author":1,"featured_media":709,"comment_status":"closed","ping_status":"closed","sticky":false,"template":"","format":"standard","meta":{"footnotes":""},"categories":[16],"tags":[31],"class_list":{"0":"post-708","1":"post","2":"type-post","3":"status-publish","4":"format-standard","5":"has-post-thumbnail","7":"category-sociedad-mello-merlo","8":"tag-moreno"},"_links":{"self":[{"href":"https:\/\/notiamba.com\/index.php\/wp-json\/wp\/v2\/posts\/708","targetHints":{"allow":["GET"]}}],"collection":[{"href":"https:\/\/notiamba.com\/index.php\/wp-json\/wp\/v2\/posts"}],"about":[{"href":"https:\/\/notiamba.com\/index.php\/wp-json\/wp\/v2\/types\/post"}],"author":[{"embeddable":true,"href":"https:\/\/notiamba.com\/index.php\/wp-json\/wp\/v2\/users\/1"}],"replies":[{"embeddable":true,"href":"https:\/\/notiamba.com\/index.php\/wp-json\/wp\/v2\/comments?post=708"}],"version-history":[{"count":1,"href":"https:\/\/notiamba.com\/index.php\/wp-json\/wp\/v2\/posts\/708\/revisions"}],"predecessor-version":[{"id":710,"href":"https:\/\/notiamba.com\/index.php\/wp-json\/wp\/v2\/posts\/708\/revisions\/710"}],"wp:featuredmedia":[{"embeddable":true,"href":"https:\/\/notiamba.com\/index.php\/wp-json\/wp\/v2\/media\/709"}],"wp:attachment":[{"href":"https:\/\/notiamba.com\/index.php\/wp-json\/wp\/v2\/media?parent=708"}],"wp:term":[{"taxonomy":"category","embeddable":true,"href":"https:\/\/notiamba.com\/index.php\/wp-json\/wp\/v2\/categories?post=708"},{"taxonomy":"post_tag","embeddable":true,"href":"https:\/\/notiamba.com\/index.php\/wp-json\/wp\/v2\/tags?post=708"}],"curies":[{"name":"wp","href":"https:\/\/api.w.org\/{rel}","templated":true}]}}