{"id":664,"date":"2021-12-21T03:26:00","date_gmt":"2021-12-21T03:26:00","guid":{"rendered":"http:\/\/notiamba.com\/?p=664"},"modified":"2023-11-14T16:48:36","modified_gmt":"2023-11-14T16:48:36","slug":"daniel-filmus-anuncio-la-financiacion-de-proyecto-tecnoproductivo-de-la-universidad-nacional-de-moreno","status":"publish","type":"post","link":"https:\/\/notiamba.com\/index.php\/2021\/12\/21\/daniel-filmus-anuncio-la-financiacion-de-proyecto-tecnoproductivo-de-la-universidad-nacional-de-moreno\/","title":{"rendered":"DANIEL FILMUS ANUNCI\u00d3 LA FINANCIACI\u00d3N DE PROYECTO TECNOPRODUCTIVO DE LA UNIVERSIDAD NACIONAL DE MORENO"},"content":{"rendered":"\n<p>El actual Ministro de Ciencia, Tecnolog\u00eda e Innovaci\u00f3n, Daniel Filmus, visit\u00f3 durante este mediod\u00eda la Universidad Nacional de Moreno para encabezar un acto en presentaci\u00f3n de un nuevo proyecto de estudio del cambio tecnoproductivo en ambiente laboral.<\/p>\n\n\n\n<p>En el acto de presentaci\u00f3n acompa\u00f1aron al ministro, el rector de la Universidad Hugo Andrade y el secretario general de la UOM Antonio Cal\u00f3. Presenciaron el mismo, docentes, alumnos y comunidad cient\u00edfica y acad\u00e9mica.<\/p>\n\n\n\n<p>Filmus anunci\u00f3 la financiaci\u00f3n del proyecto por 8,5 millones para desplegarlo y ejecutarlo en el municipio de Moreno, conjuntamente con la Universidad y el gobierno municipal.<\/p>\n\n\n\n<p>\u201cEs necesario articular Universidad, trabajo e investigaci\u00f3n hacia un pa\u00eds fuertemente industrial\u201d asegur\u00f3 el ministro en su cuenta de Instagram.<\/p>\n\n\n\n<p>La actual reestructuraci\u00f3n productiva se sustenta en las nuevas tecnolog\u00edas que se incorporan a la organizaci\u00f3n del proceso de trabajo. El espectacular desarrollo cient\u00edfico-tecnol\u00f3gico de las \u00faltimas tres d\u00e9cadas, especialmente en el campo de la microelectr\u00f3nica, la inform\u00e1tica y la rob\u00f3tica, las telecomunicaciones, la biotecnolog\u00eda y los nuevos materiales ha generado, no solamente cambios en lo que se produce y se consume sino, fundamentalmente, en c\u00f3mo se produce. Es decir, en las formas de organizaci\u00f3n del trabajo, la gesti\u00f3n empresarial y las formas de organizaci\u00f3n territorial de la producci\u00f3n.<\/p>\n\n\n\n<p>En noviembre de este mismo a\u00f1o este proyecto ten\u00eda sus cimientos en un acto realizado en el Centro Cultural N\u00e9stor Kirchner. La UNM estuvo presente en el encuentro \u201cArgentina 2030: los desaf\u00edos de la Ciencia y la Tecnolog\u00eda\u201d, del que participaron m\u00e1s de 1.200 profesionales del sector cient\u00edfico-tecnol\u00f3gico nacional.<\/p>\n","protected":false},"excerpt":{"rendered":"<p>El actual Ministro de Ciencia, Tecnolog\u00eda e Innovaci\u00f3n, Daniel Filmus, visit\u00f3 durante este mediod\u00eda la Universidad Nacional de Moreno para encabezar un acto en presentaci\u00f3n de un nuevo proyecto de estudio del cambio tecnoproductivo en ambiente laboral. En el acto de presentaci\u00f3n acompa\u00f1aron al ministro, el rector de la Universidad Hugo Andrade y el secretario [&hellip;]<\/p>\n","protected":false},"author":1,"featured_media":665,"comment_status":"closed","ping_status":"closed","sticky":false,"template":"","format":"standard","meta":{"footnotes":""},"categories":[16],"tags":[133],"class_list":{"0":"post-664","1":"post","2":"type-post","3":"status-publish","4":"format-standard","5":"has-post-thumbnail","7":"category-sociedad-mello-merlo","8":"tag-universidad-nacional-de-moreno"},"_links":{"self":[{"href":"https:\/\/notiamba.com\/index.php\/wp-json\/wp\/v2\/posts\/664","targetHints":{"allow":["GET"]}}],"collection":[{"href":"https:\/\/notiamba.com\/index.php\/wp-json\/wp\/v2\/posts"}],"about":[{"href":"https:\/\/notiamba.com\/index.php\/wp-json\/wp\/v2\/types\/post"}],"author":[{"embeddable":true,"href":"https:\/\/notiamba.com\/index.php\/wp-json\/wp\/v2\/users\/1"}],"replies":[{"embeddable":true,"href":"https:\/\/notiamba.com\/index.php\/wp-json\/wp\/v2\/comments?post=664"}],"version-history":[{"count":1,"href":"https:\/\/notiamba.com\/index.php\/wp-json\/wp\/v2\/posts\/664\/revisions"}],"predecessor-version":[{"id":666,"href":"https:\/\/notiamba.com\/index.php\/wp-json\/wp\/v2\/posts\/664\/revisions\/666"}],"wp:featuredmedia":[{"embeddable":true,"href":"https:\/\/notiamba.com\/index.php\/wp-json\/wp\/v2\/media\/665"}],"wp:attachment":[{"href":"https:\/\/notiamba.com\/index.php\/wp-json\/wp\/v2\/media?parent=664"}],"wp:term":[{"taxonomy":"category","embeddable":true,"href":"https:\/\/notiamba.com\/index.php\/wp-json\/wp\/v2\/categories?post=664"},{"taxonomy":"post_tag","embeddable":true,"href":"https:\/\/notiamba.com\/index.php\/wp-json\/wp\/v2\/tags?post=664"}],"curies":[{"name":"wp","href":"https:\/\/api.w.org\/{rel}","templated":true}]}}