{"id":577,"date":"2021-09-29T16:48:00","date_gmt":"2021-09-29T16:48:00","guid":{"rendered":"http:\/\/notiamba.com\/?p=577"},"modified":"2023-11-14T16:59:03","modified_gmt":"2023-11-14T16:59:03","slug":"hicieron-un-homenaje-a-48-anos-de-la-muerte-del-sindicalista-jose-ignacio-rucci","status":"publish","type":"post","link":"https:\/\/notiamba.com\/index.php\/2021\/09\/29\/hicieron-un-homenaje-a-48-anos-de-la-muerte-del-sindicalista-jose-ignacio-rucci\/","title":{"rendered":"HICIERON UN HOMENAJE A 48 A\u00d1OS DE LA MUERTE DEL SINDICALISTA IGNACIO RUCCI"},"content":{"rendered":"\n<p>El Intendente de Merlo, Gustavo Men\u00e9ndez, particip\u00f3 en el homenaje que se realiz\u00f3 al sindicalista argentino Jos\u00e9 Ignacio Rucci, a 48 a\u00f1os de su muerte, que se llev\u00f3 adelante frente al monumento construido en su memoria frente a la f\u00e1brica IMSA en Merlo Norte, y que cont\u00f3 con la participaci\u00f3n de gremialistas y vecinos.<\/p>\n\n\n\n<p>Ante la presencia del hijo de Rucci, An\u00edbal, y su nieto, Jos\u00e9 Ignacio, Men\u00e9ndez expres\u00f3 que&nbsp;<em>\u201ces un momento para nosotros muy emotivo. Adem\u00e1s afirm\u00f3: \u201cfue un verdadero ejemplo de lucha por sus convicciones y sus valores\u201d.<\/em><\/p>\n\n\n\n<p><em>\u201cNos vemos muy identificados con esos valores que defend\u00eda Jos\u00e9 Ignacio Rucci junto a otros grandes hombres de la historia del Peronismo. Para nosotros es un s\u00edmbolo y una bandera\u201d<\/em>, concluy\u00f3.<\/p>\n\n\n\n<p>El municipio de Merlo realiza cada a\u00f1o el homenaje frente a la obra que elabor\u00f3 el artista Alejandro Marmo, ubicada frente a la f\u00e1brica IMSA en la intersecci\u00f3n de Ruta 5 y Paraguay.<\/p>\n","protected":false},"excerpt":{"rendered":"<p>El Intendente de Merlo, Gustavo Men\u00e9ndez, particip\u00f3 en el homenaje que se realiz\u00f3 al sindicalista argentino Jos\u00e9 Ignacio Rucci, a 48 a\u00f1os de su muerte, que se llev\u00f3 adelante frente al monumento construido en su memoria frente a la f\u00e1brica IMSA en Merlo Norte, y que cont\u00f3 con la participaci\u00f3n de gremialistas y vecinos. Ante [&hellip;]<\/p>\n","protected":false},"author":1,"featured_media":578,"comment_status":"closed","ping_status":"closed","sticky":false,"template":"","format":"standard","meta":{"footnotes":""},"categories":[14],"tags":[154,153],"class_list":{"0":"post-577","1":"post","2":"type-post","3":"status-publish","4":"format-standard","5":"has-post-thumbnail","7":"category-politica-nacional","8":"tag-homenaje","9":"tag-ignacio-rucci"},"_links":{"self":[{"href":"https:\/\/notiamba.com\/index.php\/wp-json\/wp\/v2\/posts\/577","targetHints":{"allow":["GET"]}}],"collection":[{"href":"https:\/\/notiamba.com\/index.php\/wp-json\/wp\/v2\/posts"}],"about":[{"href":"https:\/\/notiamba.com\/index.php\/wp-json\/wp\/v2\/types\/post"}],"author":[{"embeddable":true,"href":"https:\/\/notiamba.com\/index.php\/wp-json\/wp\/v2\/users\/1"}],"replies":[{"embeddable":true,"href":"https:\/\/notiamba.com\/index.php\/wp-json\/wp\/v2\/comments?post=577"}],"version-history":[{"count":2,"href":"https:\/\/notiamba.com\/index.php\/wp-json\/wp\/v2\/posts\/577\/revisions"}],"predecessor-version":[{"id":1350,"href":"https:\/\/notiamba.com\/index.php\/wp-json\/wp\/v2\/posts\/577\/revisions\/1350"}],"wp:featuredmedia":[{"embeddable":true,"href":"https:\/\/notiamba.com\/index.php\/wp-json\/wp\/v2\/media\/578"}],"wp:attachment":[{"href":"https:\/\/notiamba.com\/index.php\/wp-json\/wp\/v2\/media?parent=577"}],"wp:term":[{"taxonomy":"category","embeddable":true,"href":"https:\/\/notiamba.com\/index.php\/wp-json\/wp\/v2\/categories?post=577"},{"taxonomy":"post_tag","embeddable":true,"href":"https:\/\/notiamba.com\/index.php\/wp-json\/wp\/v2\/tags?post=577"}],"curies":[{"name":"wp","href":"https:\/\/api.w.org\/{rel}","templated":true}]}}