{"id":3920,"date":"2025-12-17T11:08:30","date_gmt":"2025-12-17T14:08:30","guid":{"rendered":"https:\/\/notiamba.com\/?p=3920"},"modified":"2025-12-18T10:01:05","modified_gmt":"2025-12-18T13:01:05","slug":"un-operario-perdio-la-vida-tras-un-siniestro-en-el-parque-industrial-de-pilar","status":"publish","type":"post","link":"https:\/\/notiamba.com\/index.php\/2025\/12\/17\/un-operario-perdio-la-vida-tras-un-siniestro-en-el-parque-industrial-de-pilar\/","title":{"rendered":"UN OPERARIO PERDI\u00d3 LA VIDA TRAS UN SINIESTRO EN EL PARQUE INDUSTRIAL DE PILAR"},"content":{"rendered":"\n<p>Durante la ma\u00f1ana del lunes, un operario perdi\u00f3 la vida a ra\u00edz de un accidente laboral registrado en una empresa del Parque Industrial de Pilar, hecho que gener\u00f3 conmoci\u00f3n en el \u00e1mbito fabril.<br><br>La v\u00edctima fue identificada como Juan Carlos Leal, de 46 a\u00f1os, quien falleci\u00f3 en el acto al quedar aplastado por una m\u00e1quina en el interior de una planta industrial. El hecho ocurri\u00f3 alrededor de las 9.30, en la firma Oben Group, ubicada en la intersecci\u00f3n de las calles 23 y 9.<\/p>\n\n\n\n<p>Oben Group es una empresa multinacional dedicada a la producci\u00f3n de films pl\u00e1sticos para empaques flexibles y cuenta con operaciones a nivel global. Al momento del hecho, seg\u00fan la informaci\u00f3n preliminar, no se encontraba en plena producci\u00f3n, sino atravesando tareas t\u00e9cnicas.<\/p>\n\n\n\n<p>De acuerdo con los primeros datos, el trabajador estaba realizando labores de mantenimiento y limpieza sobre una m\u00e1quina cuando se produjo el siniestro, consign\u00f3 Resumen.<\/p>\n\n\n\n<p>En ese contexto, los rodillos del equipo se encontraban en movimiento, aunque por motivos que a\u00fan no fueron esclarecidos.<\/p>\n\n\n\n<p>Tras el llamado de emergencia, Bomberos Voluntarios y personal sanitario acudieron al lugar y constataron que el operario ya no presentaba signos vitales. La Justicia y los organismos competentes investigan ahora las causas del accidente, el funcionamiento de la maquinaria y las condiciones de seguridad en las que se desarrollaban las tareas.<\/p>\n\n\n\n<p><\/p>\n","protected":false},"excerpt":{"rendered":"<p>Durante la ma\u00f1ana del lunes, un operario perdi\u00f3 la vida a ra\u00edz de un accidente laboral registrado en una empresa del Parque Industrial de Pilar, hecho que gener\u00f3 conmoci\u00f3n en el \u00e1mbito fabril. La v\u00edctima fue identificada como Juan Carlos Leal, de 46 a\u00f1os, quien falleci\u00f3 en el acto al quedar aplastado por una m\u00e1quina [&hellip;]<\/p>\n","protected":false},"author":2,"featured_media":3921,"comment_status":"closed","ping_status":"closed","sticky":false,"template":"","format":"standard","meta":{"footnotes":""},"categories":[18],"tags":[1162,1067,779],"class_list":{"0":"post-3920","1":"post","2":"type-post","3":"status-publish","4":"format-standard","5":"has-post-thumbnail","7":"category-policiales-nacionales","8":"tag-parque-industrial-de-pilar","9":"tag-pilar","10":"tag-policiales"},"_links":{"self":[{"href":"https:\/\/notiamba.com\/index.php\/wp-json\/wp\/v2\/posts\/3920","targetHints":{"allow":["GET"]}}],"collection":[{"href":"https:\/\/notiamba.com\/index.php\/wp-json\/wp\/v2\/posts"}],"about":[{"href":"https:\/\/notiamba.com\/index.php\/wp-json\/wp\/v2\/types\/post"}],"author":[{"embeddable":true,"href":"https:\/\/notiamba.com\/index.php\/wp-json\/wp\/v2\/users\/2"}],"replies":[{"embeddable":true,"href":"https:\/\/notiamba.com\/index.php\/wp-json\/wp\/v2\/comments?post=3920"}],"version-history":[{"count":1,"href":"https:\/\/notiamba.com\/index.php\/wp-json\/wp\/v2\/posts\/3920\/revisions"}],"predecessor-version":[{"id":3922,"href":"https:\/\/notiamba.com\/index.php\/wp-json\/wp\/v2\/posts\/3920\/revisions\/3922"}],"wp:featuredmedia":[{"embeddable":true,"href":"https:\/\/notiamba.com\/index.php\/wp-json\/wp\/v2\/media\/3921"}],"wp:attachment":[{"href":"https:\/\/notiamba.com\/index.php\/wp-json\/wp\/v2\/media?parent=3920"}],"wp:term":[{"taxonomy":"category","embeddable":true,"href":"https:\/\/notiamba.com\/index.php\/wp-json\/wp\/v2\/categories?post=3920"},{"taxonomy":"post_tag","embeddable":true,"href":"https:\/\/notiamba.com\/index.php\/wp-json\/wp\/v2\/tags?post=3920"}],"curies":[{"name":"wp","href":"https:\/\/api.w.org\/{rel}","templated":true}]}}