{"id":38,"date":"2020-08-31T14:58:28","date_gmt":"2020-08-31T14:58:28","guid":{"rendered":"http:\/\/notiamba.com\/?p=38"},"modified":"2023-11-14T14:58:31","modified_gmt":"2023-11-14T14:58:31","slug":"escobar-comenzo-a-funcionar-el-nuevo-laboratorio-del-hospital-provincial-erill","status":"publish","type":"post","link":"https:\/\/notiamba.com\/index.php\/2020\/08\/31\/escobar-comenzo-a-funcionar-el-nuevo-laboratorio-del-hospital-provincial-erill\/","title":{"rendered":"ESCOBAR: COMENZ\u00d3 A FUNCIONAR EL NUEVO LABORATORIO DEL HOSPITAL PROVINCIAL ERILL"},"content":{"rendered":"\n<p>A pocos m\u00e1s de un mes desde el comienzo de la obra, se puso en funcionamiento el nuevo laboratorio de biolog\u00eda molecular del Hospital Provincial Enrique Eriil. Se trata de un hecho hist\u00f3rico para el partido de Escobar que surgi\u00f3 de una iniciativa del intendente Ariel Sujarchuk y se cristaliz\u00f3 gracias al aporte econ\u00f3mico de $500.000 por parte de toda la dirigencia pol\u00edtica del distrito. De esta manera, se logr\u00f3 financiar la totalidad de los trabajos.<\/p>\n\n\n\n<p>El nuevo laboratorio del Erill est\u00e1 equipado para la realizaci\u00f3n de todos los estudios cl\u00ednicos tradicionales y cuenta tambi\u00e9n con la tecnolog\u00eda necesaria para procesar test de Covid-19. As\u00ed, se suma al Hospital Municipal Presidente N\u00e9stor Carlos Kirchner en la tarea clave de acortar la espera de los resultados de los hisopados que se les realiza a los vecinos con s\u00edntomas compatibles con coronavirus.<\/p>\n\n\n\n<p>Junto con Sujarchuk, las donaciones fueron realizadas por los funcionarios de rango del Estado municipal, la diputada nacional del Frente de Todos, Laura Russo; el senador provincial de Juntos por el Cambio, Roberto Costa; el presidente del Concejo Deliberante, Luis Carranza, ediles de todos los bloques legislativos, el jefe de la Agencia Escobar de PAMI, Nicol\u00e1s Gayt\u00e1n; el gerente de ANSES Escobar, Leo Moreno; y dirigentes locales del Partido Justicialista y de la Uni\u00f3n C\u00edvica Radical.<\/p>\n","protected":false},"excerpt":{"rendered":"<p>A pocos m\u00e1s de un mes desde el comienzo de la obra, se puso en funcionamiento el nuevo laboratorio de biolog\u00eda molecular del Hospital Provincial Enrique Eriil. Se trata de un hecho hist\u00f3rico para el partido de Escobar que surgi\u00f3 de una iniciativa del intendente Ariel Sujarchuk y se cristaliz\u00f3 gracias al aporte econ\u00f3mico de [&hellip;]<\/p>\n","protected":false},"author":1,"featured_media":39,"comment_status":"closed","ping_status":"closed","sticky":false,"template":"","format":"standard","meta":{"footnotes":""},"categories":[20],"tags":[],"class_list":{"0":"post-38","1":"post","2":"type-post","3":"status-publish","4":"format-standard","5":"has-post-thumbnail","7":"category-salud-merlo"},"_links":{"self":[{"href":"https:\/\/notiamba.com\/index.php\/wp-json\/wp\/v2\/posts\/38","targetHints":{"allow":["GET"]}}],"collection":[{"href":"https:\/\/notiamba.com\/index.php\/wp-json\/wp\/v2\/posts"}],"about":[{"href":"https:\/\/notiamba.com\/index.php\/wp-json\/wp\/v2\/types\/post"}],"author":[{"embeddable":true,"href":"https:\/\/notiamba.com\/index.php\/wp-json\/wp\/v2\/users\/1"}],"replies":[{"embeddable":true,"href":"https:\/\/notiamba.com\/index.php\/wp-json\/wp\/v2\/comments?post=38"}],"version-history":[{"count":1,"href":"https:\/\/notiamba.com\/index.php\/wp-json\/wp\/v2\/posts\/38\/revisions"}],"predecessor-version":[{"id":40,"href":"https:\/\/notiamba.com\/index.php\/wp-json\/wp\/v2\/posts\/38\/revisions\/40"}],"wp:featuredmedia":[{"embeddable":true,"href":"https:\/\/notiamba.com\/index.php\/wp-json\/wp\/v2\/media\/39"}],"wp:attachment":[{"href":"https:\/\/notiamba.com\/index.php\/wp-json\/wp\/v2\/media?parent=38"}],"wp:term":[{"taxonomy":"category","embeddable":true,"href":"https:\/\/notiamba.com\/index.php\/wp-json\/wp\/v2\/categories?post=38"},{"taxonomy":"post_tag","embeddable":true,"href":"https:\/\/notiamba.com\/index.php\/wp-json\/wp\/v2\/tags?post=38"}],"curies":[{"name":"wp","href":"https:\/\/api.w.org\/{rel}","templated":true}]}}