{"id":3780,"date":"2025-09-05T10:12:54","date_gmt":"2025-09-05T13:12:54","guid":{"rendered":"https:\/\/notiamba.com\/?p=3780"},"modified":"2025-09-05T10:12:54","modified_gmt":"2025-09-05T13:12:54","slug":"la-expo-hecho-en-merlo-reunio-a-menendez-y-kicillof","status":"publish","type":"post","link":"https:\/\/notiamba.com\/index.php\/2025\/09\/05\/la-expo-hecho-en-merlo-reunio-a-menendez-y-kicillof\/","title":{"rendered":"LA EXPO &#8220;HECHO EN MERLO&#8221; REUNI\u00d3 A MEN\u00c9NDEZ Y KICILLOF"},"content":{"rendered":"\n<p>Kicillof resalt\u00f3 el impulso productivo de la Expo y Men\u00e9ndez reafirm\u00f3 el apoyo municipal al desarrollo local.<\/p>\n\n\n\n<p>En este marco, el jefe comunal y el Gobernador de la Provincia de Buenos Aires hicieron hincapi\u00e9 en el fortalecimiento de la industria nacional y de la obra p\u00fablica, al tiempo que destacaron el lugar que se les da a estas en Merlo.<\/p>\n\n\n\n<p>\u201c<em>Quiero agradecerte Axel porque, si no estuvieran vos y tu equipo, no podr\u00edamos estar haciendo las cosas que hacemos en Merlo: la Ruta 40, la Ruta 1003, la Avenida Echeverry o la Universidad Nacional del Oeste. Esperamos seguir haciendo mucho m\u00e1s<\/em>\u201d, subray\u00f3 el mandatario merlense.<\/p>\n\n\n\n<p>Por su parte, el Gobernador Axel Kicilof manifest\u00f3 \u201c<em>Estamos haciendo lo que tenemos que hacer. Cerramos una exposici\u00f3n que nos llena de orgullo que es la industria nacional, de Merlo y de la Provincia de Buenos Aires. Y lo son tambi\u00e9n las escuelas p\u00fablicas y t\u00e9cnicas, de los chicos y chicas que quieren tener un futuro mejor<\/em>\u201d.<\/p>\n\n\n\n<p>\u201c<em>Por eso hacemos esta Expo, por eso mostramos a los industriales que, a pesar de todas las dificultades, siguen invirtiendo, tomando gente y sosteniendo el trabajo en Merlo<\/em>\u201d, remarc\u00f3 Men\u00e9ndez.<\/p>\n\n\n\n<p>En este sentido, el Ministro de Infraestructura y Servicios P\u00fablicos de la Provincia de Buenos Aires, Gabriel Katopodis expres\u00f3 \u201c<em>Nuestro pa\u00eds se explica a partir de producir, de hacer y de poner valor agregado, conocimiento. Esa es la gran f\u00f3rmul<\/em>a\u201d.<\/p>\n\n\n\n<p>La 7ma edici\u00f3n de la Expo \u201cHecho en Merlo\u201d tuvo lugar del 1 al 4 de septiembre. La actividad present\u00f3 lo mejor de la industria y la producci\u00f3n locales, adem\u00e1s de los proyectos educativos de las escuelas t\u00e9cnicas del distrito, con charlas y conferencias.<\/p>\n","protected":false},"excerpt":{"rendered":"<p>Kicillof resalt\u00f3 el impulso productivo de la Expo y Men\u00e9ndez reafirm\u00f3 el apoyo municipal al desarrollo local. En este marco, el jefe comunal y el Gobernador de la Provincia de Buenos Aires hicieron hincapi\u00e9 en el fortalecimiento de la industria nacional y de la obra p\u00fablica, al tiempo que destacaron el lugar que se les [&hellip;]<\/p>\n","protected":false},"author":2,"featured_media":3781,"comment_status":"closed","ping_status":"closed","sticky":false,"template":"","format":"standard","meta":{"footnotes":""},"categories":[15],"tags":[192,43,223,237],"class_list":{"0":"post-3780","1":"post","2":"type-post","3":"status-publish","4":"format-standard","5":"has-post-thumbnail","7":"category-sociedad-mello","8":"tag-gustavo-menendez-2","9":"tag-merlo","10":"tag-municipio-de-merlo","11":"tag-sociedad"},"_links":{"self":[{"href":"https:\/\/notiamba.com\/index.php\/wp-json\/wp\/v2\/posts\/3780","targetHints":{"allow":["GET"]}}],"collection":[{"href":"https:\/\/notiamba.com\/index.php\/wp-json\/wp\/v2\/posts"}],"about":[{"href":"https:\/\/notiamba.com\/index.php\/wp-json\/wp\/v2\/types\/post"}],"author":[{"embeddable":true,"href":"https:\/\/notiamba.com\/index.php\/wp-json\/wp\/v2\/users\/2"}],"replies":[{"embeddable":true,"href":"https:\/\/notiamba.com\/index.php\/wp-json\/wp\/v2\/comments?post=3780"}],"version-history":[{"count":1,"href":"https:\/\/notiamba.com\/index.php\/wp-json\/wp\/v2\/posts\/3780\/revisions"}],"predecessor-version":[{"id":3782,"href":"https:\/\/notiamba.com\/index.php\/wp-json\/wp\/v2\/posts\/3780\/revisions\/3782"}],"wp:featuredmedia":[{"embeddable":true,"href":"https:\/\/notiamba.com\/index.php\/wp-json\/wp\/v2\/media\/3781"}],"wp:attachment":[{"href":"https:\/\/notiamba.com\/index.php\/wp-json\/wp\/v2\/media?parent=3780"}],"wp:term":[{"taxonomy":"category","embeddable":true,"href":"https:\/\/notiamba.com\/index.php\/wp-json\/wp\/v2\/categories?post=3780"},{"taxonomy":"post_tag","embeddable":true,"href":"https:\/\/notiamba.com\/index.php\/wp-json\/wp\/v2\/tags?post=3780"}],"curies":[{"name":"wp","href":"https:\/\/api.w.org\/{rel}","templated":true}]}}