{"id":3769,"date":"2025-08-29T10:07:55","date_gmt":"2025-08-29T13:07:55","guid":{"rendered":"https:\/\/notiamba.com\/?p=3769"},"modified":"2025-09-01T09:18:01","modified_gmt":"2025-09-01T12:18:01","slug":"merlo-detienen-al-hombre-que-robo-en-la-quinta-la-colonial","status":"publish","type":"post","link":"https:\/\/notiamba.com\/index.php\/2025\/08\/29\/merlo-detienen-al-hombre-que-robo-en-la-quinta-la-colonial\/","title":{"rendered":"MERLO: DETIENEN AL HOMBRE QUE ROB\u00d3 EN LA QUINTA \u201cLA COLONIAL\u201d"},"content":{"rendered":"\n<p>Personal de la Comisar\u00eda Merlo 3\u00aa de Parque San Mart\u00edn realiz\u00f3 un operativo que permiti\u00f3 recuperar los objetos robados de la Quinta Municipal \u201cLa Colonial\u201d y detener a un joven vinculado al hecho.<\/p>\n\n\n\n<p>La intervenci\u00f3n se inici\u00f3 a partir de la denuncia de Emanuel Cabral (40), empleado municipal, quien alert\u00f3 sobre el robo de dos postigos de aluminio blancos del interior del predio.<\/p>\n\n\n\n<p>De inmediato, los efectivos iniciaron tareas investigativas que permitieron establecer que los materiales robados hab\u00edan sido vendidos en un comercio de compra y venta de metales ubicado en Arist\u00f3bulo del Valle y Escalada. En el lugar se constat\u00f3 la presencia de los postigos, que fueron secuestrados como prueba.<\/p>\n\n\n\n<p>El procedimiento culmin\u00f3 con la aprehensi\u00f3n de Gabriel Patricio Ben\u00edtez (24), quien fue trasladado a la dependencia policial para su identificaci\u00f3n. Asimismo, el local comercial fue clausurado por comprar elementos robados, labr\u00e1ndose la correspondiente infracci\u00f3n que fue elevada al Juzgado de Faltas de Merlo.<\/p>\n\n\n\n<p>La causa qued\u00f3 en manos de la UFI N.\u00ba 5 de Mor\u00f3n, que dispuso la liberaci\u00f3n del imputado y el inicio de actuaciones para determinar la participaci\u00f3n de otros autores en la sustracci\u00f3n.<\/p>\n","protected":false},"excerpt":{"rendered":"<p>Personal de la Comisar\u00eda Merlo 3\u00aa de Parque San Mart\u00edn realiz\u00f3 un operativo que permiti\u00f3 recuperar los objetos robados de la Quinta Municipal \u201cLa Colonial\u201d y detener a un joven vinculado al hecho. La intervenci\u00f3n se inici\u00f3 a partir de la denuncia de Emanuel Cabral (40), empleado municipal, quien alert\u00f3 sobre el robo de dos [&hellip;]<\/p>\n","protected":false},"author":2,"featured_media":3770,"comment_status":"closed","ping_status":"closed","sticky":false,"template":"","format":"standard","meta":{"footnotes":""},"categories":[17],"tags":[1066,43,779,1107],"class_list":{"0":"post-3769","1":"post","2":"type-post","3":"status-publish","4":"format-standard","5":"has-post-thumbnail","7":"category-policiales-mello","8":"tag-detenido","9":"tag-merlo","10":"tag-policiales","11":"tag-robo-en-la-colonia-de-merlo"},"_links":{"self":[{"href":"https:\/\/notiamba.com\/index.php\/wp-json\/wp\/v2\/posts\/3769","targetHints":{"allow":["GET"]}}],"collection":[{"href":"https:\/\/notiamba.com\/index.php\/wp-json\/wp\/v2\/posts"}],"about":[{"href":"https:\/\/notiamba.com\/index.php\/wp-json\/wp\/v2\/types\/post"}],"author":[{"embeddable":true,"href":"https:\/\/notiamba.com\/index.php\/wp-json\/wp\/v2\/users\/2"}],"replies":[{"embeddable":true,"href":"https:\/\/notiamba.com\/index.php\/wp-json\/wp\/v2\/comments?post=3769"}],"version-history":[{"count":1,"href":"https:\/\/notiamba.com\/index.php\/wp-json\/wp\/v2\/posts\/3769\/revisions"}],"predecessor-version":[{"id":3771,"href":"https:\/\/notiamba.com\/index.php\/wp-json\/wp\/v2\/posts\/3769\/revisions\/3771"}],"wp:featuredmedia":[{"embeddable":true,"href":"https:\/\/notiamba.com\/index.php\/wp-json\/wp\/v2\/media\/3770"}],"wp:attachment":[{"href":"https:\/\/notiamba.com\/index.php\/wp-json\/wp\/v2\/media?parent=3769"}],"wp:term":[{"taxonomy":"category","embeddable":true,"href":"https:\/\/notiamba.com\/index.php\/wp-json\/wp\/v2\/categories?post=3769"},{"taxonomy":"post_tag","embeddable":true,"href":"https:\/\/notiamba.com\/index.php\/wp-json\/wp\/v2\/tags?post=3769"}],"curies":[{"name":"wp","href":"https:\/\/api.w.org\/{rel}","templated":true}]}}