{"id":3766,"date":"2025-08-27T16:50:44","date_gmt":"2025-08-27T19:50:44","guid":{"rendered":"https:\/\/notiamba.com\/?p=3766"},"modified":"2025-08-27T16:50:45","modified_gmt":"2025-08-27T19:50:45","slug":"incidentes-en-la-caravana-de-milei","status":"publish","type":"post","link":"https:\/\/notiamba.com\/index.php\/2025\/08\/27\/incidentes-en-la-caravana-de-milei\/","title":{"rendered":"INCIDENTES EN LA CARAVANA DE MILEI"},"content":{"rendered":"\n<p>Este mi\u00e9rcoles,&nbsp;<strong>Javier Milei<\/strong>, acompa\u00f1ado por su hermana&nbsp;<strong>Karina Milei<\/strong>&nbsp;y el diputado&nbsp;Jos\u00e9 Luis Espert, protagoniz\u00f3 una&nbsp;caravana pol\u00edtica ca\u00f3tica en Lomas de Zamora. La actividad, que buscaba recorrer el conurbano bonaerense como parte de la campa\u00f1a electoral provincial, se vio interrumpida por&nbsp;lanzamiento de piedras y botellas, lo que oblig\u00f3 a que la comitiva fuera evacuada de urgencia por seguridad.<\/p>\n\n\n\n<p>Espert asegur\u00f3&nbsp;que hubo violencia f\u00edsica y remarc\u00f3: \u201cNo nos van a amedrentar\u201d, mientras Milei neg\u00f3 cualquier irregularidad en relaci\u00f3n al esc\u00e1ndalo de la&nbsp;Agencia Nacional de Discapacidad (ANDIS), se\u00f1alando que \u201ctodo lo que dicen es mentira\u201d y anunciando acciones legales contra&nbsp;Diego Spagnuolo, exabogado vinculado al caso.<\/p>\n\n\n\n<p>El vocero&nbsp;Manuel Adorni&nbsp;atribuy\u00f3 los incidentes a \u201cgrupos kirchneristas\u201d que atacaron la caravana, mientras que el intendente&nbsp;Federico Oterm\u00edn&nbsp;hab\u00eda pedido que la jornada se desarrollara \u201cen paz y respeto por la democracia\u201d.<\/p>\n\n\n\n<p>El episodio se produce en un momento de creciente tensi\u00f3n pol\u00edtica, con&nbsp;esc\u00e1ndalos de coimas en ANDIS&nbsp;y filtraci\u00f3n de audios que han generado desconfianza hacia el Gobierno, aumentando la presi\u00f3n para que el presidente brinde explicaciones p\u00fablicas.<\/p>\n\n\n\n<p><\/p>\n","protected":false},"excerpt":{"rendered":"<p>Este mi\u00e9rcoles,&nbsp;Javier Milei, acompa\u00f1ado por su hermana&nbsp;Karina Milei&nbsp;y el diputado&nbsp;Jos\u00e9 Luis Espert, protagoniz\u00f3 una&nbsp;caravana pol\u00edtica ca\u00f3tica en Lomas de Zamora. La actividad, que buscaba recorrer el conurbano bonaerense como parte de la campa\u00f1a electoral provincial, se vio interrumpida por&nbsp;lanzamiento de piedras y botellas, lo que oblig\u00f3 a que la comitiva fuera evacuada de urgencia por [&hellip;]<\/p>\n","protected":false},"author":1,"featured_media":3767,"comment_status":"closed","ping_status":"closed","sticky":false,"template":"","format":"standard","meta":{"footnotes":""},"categories":[16],"tags":[225],"class_list":{"0":"post-3766","1":"post","2":"type-post","3":"status-publish","4":"format-standard","5":"has-post-thumbnail","7":"category-sociedad-mello-merlo","8":"tag-javier-milei"},"_links":{"self":[{"href":"https:\/\/notiamba.com\/index.php\/wp-json\/wp\/v2\/posts\/3766","targetHints":{"allow":["GET"]}}],"collection":[{"href":"https:\/\/notiamba.com\/index.php\/wp-json\/wp\/v2\/posts"}],"about":[{"href":"https:\/\/notiamba.com\/index.php\/wp-json\/wp\/v2\/types\/post"}],"author":[{"embeddable":true,"href":"https:\/\/notiamba.com\/index.php\/wp-json\/wp\/v2\/users\/1"}],"replies":[{"embeddable":true,"href":"https:\/\/notiamba.com\/index.php\/wp-json\/wp\/v2\/comments?post=3766"}],"version-history":[{"count":1,"href":"https:\/\/notiamba.com\/index.php\/wp-json\/wp\/v2\/posts\/3766\/revisions"}],"predecessor-version":[{"id":3768,"href":"https:\/\/notiamba.com\/index.php\/wp-json\/wp\/v2\/posts\/3766\/revisions\/3768"}],"wp:featuredmedia":[{"embeddable":true,"href":"https:\/\/notiamba.com\/index.php\/wp-json\/wp\/v2\/media\/3767"}],"wp:attachment":[{"href":"https:\/\/notiamba.com\/index.php\/wp-json\/wp\/v2\/media?parent=3766"}],"wp:term":[{"taxonomy":"category","embeddable":true,"href":"https:\/\/notiamba.com\/index.php\/wp-json\/wp\/v2\/categories?post=3766"},{"taxonomy":"post_tag","embeddable":true,"href":"https:\/\/notiamba.com\/index.php\/wp-json\/wp\/v2\/tags?post=3766"}],"curies":[{"name":"wp","href":"https:\/\/api.w.org\/{rel}","templated":true}]}}