{"id":3745,"date":"2025-08-18T11:32:11","date_gmt":"2025-08-18T14:32:11","guid":{"rendered":"https:\/\/notiamba.com\/?p=3745"},"modified":"2025-08-18T11:32:11","modified_gmt":"2025-08-18T14:32:11","slug":"inauguran-espacio-cultural-en-las-catonas","status":"publish","type":"post","link":"https:\/\/notiamba.com\/index.php\/2025\/08\/18\/inauguran-espacio-cultural-en-las-catonas\/","title":{"rendered":"INAUGURAN ESPACIO CULTURAL EN LAS CATONAS"},"content":{"rendered":"\n<p>El nuevo espacio cultural ofrecer\u00e1 talleres, muestras art\u00edsticas y actividades comunitarias abiertas a todas las edades, con el objetivo de fortalecer la identidad barrial, generar inclusi\u00f3n y garantizar el acceso a la cultura como un derecho para los vecinos y vecinas de Merlo.<br><br>Durante la inauguraci\u00f3n, la jefa comunal, se\u00f1al\u00f3 que: \u201cTenemos derecho ala belleza, a nuestra identidad cultural, a recrear nuestra historia y a habitar lugares bellos y gratuitos. Esta es la Casa de las Culturas, la casa de esta comunidad de Catonas, para que la disfruten y cuidemos de nuestros j\u00f3venes, infancias, abuelos y abuelas\u201d, y agreg\u00f3: \u201cLa identidad cultural para nosotros es importante\u201d.<\/p>\n\n\n\n<figure class=\"wp-block-image size-large\"><img loading=\"lazy\" decoding=\"async\" width=\"1024\" height=\"569\" src=\"https:\/\/notiamba.com\/wp-content\/uploads\/2025\/08\/Captura-de-pantalla-2025-08-18-111922-1024x569.png\" alt=\"\" class=\"wp-image-3746\" srcset=\"https:\/\/notiamba.com\/wp-content\/uploads\/2025\/08\/Captura-de-pantalla-2025-08-18-111922-1024x569.png 1024w, https:\/\/notiamba.com\/wp-content\/uploads\/2025\/08\/Captura-de-pantalla-2025-08-18-111922-300x167.png 300w, https:\/\/notiamba.com\/wp-content\/uploads\/2025\/08\/Captura-de-pantalla-2025-08-18-111922-768x427.png 768w, https:\/\/notiamba.com\/wp-content\/uploads\/2025\/08\/Captura-de-pantalla-2025-08-18-111922-150x83.png 150w, https:\/\/notiamba.com\/wp-content\/uploads\/2025\/08\/Captura-de-pantalla-2025-08-18-111922-696x387.png 696w, https:\/\/notiamba.com\/wp-content\/uploads\/2025\/08\/Captura-de-pantalla-2025-08-18-111922-1068x593.png 1068w, https:\/\/notiamba.com\/wp-content\/uploads\/2025\/08\/Captura-de-pantalla-2025-08-18-111922.png 1087w\" sizes=\"auto, (max-width: 1024px) 100vw, 1024px\" \/><\/figure>\n\n\n\n<p><strong>En el renovado espacio<\/strong>, ubicado en Chuquisaca, entre Tte. Origone y J. Newbery,\u00a0<strong>funcionar\u00e1n la Delegaci\u00f3n de Trujui, el Instituto Municipal de Desarrollo Econ\u00f3mico Local (IMDEL), el Punto Joven con actividades deportivas para las juventudes, la Casa de Justicia y se brindar\u00e1n diversos talleres culturales<\/strong>.<br><br>Estuvieron presentes, autoridades municipales, representantes de instituciones locales y vecinos y vecinas que celebraron la recuperaci\u00f3n de un edificio emblem\u00e1tico para la identidad cultural de Las Catonas.<\/p>\n","protected":false},"excerpt":{"rendered":"<p>El nuevo espacio cultural ofrecer\u00e1 talleres, muestras art\u00edsticas y actividades comunitarias abiertas a todas las edades, con el objetivo de fortalecer la identidad barrial, generar inclusi\u00f3n y garantizar el acceso a la cultura como un derecho para los vecinos y vecinas de Merlo. Durante la inauguraci\u00f3n, la jefa comunal, se\u00f1al\u00f3 que: \u201cTenemos derecho ala belleza, [&hellip;]<\/p>\n","protected":false},"author":2,"featured_media":3747,"comment_status":"closed","ping_status":"closed","sticky":false,"template":"","format":"standard","meta":{"footnotes":""},"categories":[16],"tags":[1095,1096,1094,237],"class_list":{"0":"post-3745","1":"post","2":"type-post","3":"status-publish","4":"format-standard","5":"has-post-thumbnail","7":"category-sociedad-mello-merlo","8":"tag-casa-de-las-culturas","9":"tag-las-catonas","10":"tag-mariel-fernandez-2","11":"tag-sociedad"},"_links":{"self":[{"href":"https:\/\/notiamba.com\/index.php\/wp-json\/wp\/v2\/posts\/3745","targetHints":{"allow":["GET"]}}],"collection":[{"href":"https:\/\/notiamba.com\/index.php\/wp-json\/wp\/v2\/posts"}],"about":[{"href":"https:\/\/notiamba.com\/index.php\/wp-json\/wp\/v2\/types\/post"}],"author":[{"embeddable":true,"href":"https:\/\/notiamba.com\/index.php\/wp-json\/wp\/v2\/users\/2"}],"replies":[{"embeddable":true,"href":"https:\/\/notiamba.com\/index.php\/wp-json\/wp\/v2\/comments?post=3745"}],"version-history":[{"count":1,"href":"https:\/\/notiamba.com\/index.php\/wp-json\/wp\/v2\/posts\/3745\/revisions"}],"predecessor-version":[{"id":3748,"href":"https:\/\/notiamba.com\/index.php\/wp-json\/wp\/v2\/posts\/3745\/revisions\/3748"}],"wp:featuredmedia":[{"embeddable":true,"href":"https:\/\/notiamba.com\/index.php\/wp-json\/wp\/v2\/media\/3747"}],"wp:attachment":[{"href":"https:\/\/notiamba.com\/index.php\/wp-json\/wp\/v2\/media?parent=3745"}],"wp:term":[{"taxonomy":"category","embeddable":true,"href":"https:\/\/notiamba.com\/index.php\/wp-json\/wp\/v2\/categories?post=3745"},{"taxonomy":"post_tag","embeddable":true,"href":"https:\/\/notiamba.com\/index.php\/wp-json\/wp\/v2\/tags?post=3745"}],"curies":[{"name":"wp","href":"https:\/\/api.w.org\/{rel}","templated":true}]}}