{"id":3713,"date":"2025-07-31T11:22:36","date_gmt":"2025-07-31T14:22:36","guid":{"rendered":"https:\/\/notiamba.com\/?p=3713"},"modified":"2025-08-01T10:38:32","modified_gmt":"2025-08-01T13:38:32","slug":"macri-encabaeza-debate-en-el-pro","status":"publish","type":"post","link":"https:\/\/notiamba.com\/index.php\/2025\/07\/31\/macri-encabaeza-debate-en-el-pro\/","title":{"rendered":"MACRI ENCABAEZA DEBATE EN EL PRO"},"content":{"rendered":"\n<p>El encuentro tambi\u00e9n servir\u00e1 para revisar las negociaciones en marcha en distintos distritos y definir posibles alianzas. La situaci\u00f3n en la Ciudad de Buenos Aires sigue siendo una inc\u00f3gnita, en medio de tensiones internas y definiciones pendientes.<\/p>\n\n\n\n<p><strong>Mauricio Macri<\/strong>&nbsp;convoc\u00f3 para este jueves una reuni\u00f3n clave del Consejo Nacional del PRO, que se realizar\u00e1 por Zoom, con la participaci\u00f3n de representantes de todo el pa\u00eds. El encuentro tendr\u00e1 como eje revisar la estrategia nacional frente al vencimiento del plazo judicial del 7 de agosto para la presentaci\u00f3n de alianzas. Pero tambi\u00e9n buscar\u00e1 ordenar un mapa interno cruzado por tensiones, como el reciente fallo de la Justicia Electoral que anul\u00f3 la intervenci\u00f3n partidaria en C\u00f3rdoba, o las dudas en CABA entre la posibilidad de reeditar JxC o acordar con LLA, tras la magra elecci\u00f3n local que tuvo el partido amarillo en mayo.<\/p>\n\n\n\n<p>\u201cLa convocatoria tiene que ver con resolver algunas cuestiones formales, como qu\u00e9 hacer con la intervenci\u00f3n en C\u00f3rdoba. Respecto al mapa de alianzas, no se va a resolver nada porque no es una instancia formal, lo que s\u00ed se va a revisar es c\u00f3mo se avanz\u00f3 en el marco de la libertad de acci\u00f3n seg\u00fan cada provincia\u201d.<\/p>\n\n\n\n<p>Esa libertad, que el propio Macri propici\u00f3 a mediados de junio para hacer la \u201cmejor peor elecci\u00f3n posible\u201d y para&nbsp;lograr acuerdos \u201ccon dignidad\u201d, ya se traduce en alianzas de geometr\u00eda variable: en provincias como Jujuy, Santa Fe, Corrientes,&nbsp;Chubut&nbsp;o La Rioja se trabaja para rearmar una versi\u00f3n renovada y m\u00e1s amplia de Juntos por el Cambio; mientras que en Tucum\u00e1n y&nbsp;Entre R\u00edos, el PRO analiza alianzas con La Libertad Avanza, en sinton\u00eda con&nbsp;la experiencia que tiene su curso en la provincia de Buenos Aires.<\/p>\n","protected":false},"excerpt":{"rendered":"<p>El encuentro tambi\u00e9n servir\u00e1 para revisar las negociaciones en marcha en distintos distritos y definir posibles alianzas. La situaci\u00f3n en la Ciudad de Buenos Aires sigue siendo una inc\u00f3gnita, en medio de tensiones internas y definiciones pendientes. Mauricio Macri&nbsp;convoc\u00f3 para este jueves una reuni\u00f3n clave del Consejo Nacional del PRO, que se realizar\u00e1 por Zoom, [&hellip;]<\/p>\n","protected":false},"author":2,"featured_media":3714,"comment_status":"closed","ping_status":"closed","sticky":false,"template":"","format":"standard","meta":{"footnotes":""},"categories":[14],"tags":[1080,1081,515,669,610],"class_list":{"0":"post-3713","1":"post","2":"type-post","3":"status-publish","4":"format-standard","5":"has-post-thumbnail","7":"category-politica-nacional","8":"tag-consejo-nacional-del-pro","9":"tag-juntos-por-el-cambio","10":"tag-la-libertad-avanza","11":"tag-mauricio-macri","12":"tag-pro"},"_links":{"self":[{"href":"https:\/\/notiamba.com\/index.php\/wp-json\/wp\/v2\/posts\/3713","targetHints":{"allow":["GET"]}}],"collection":[{"href":"https:\/\/notiamba.com\/index.php\/wp-json\/wp\/v2\/posts"}],"about":[{"href":"https:\/\/notiamba.com\/index.php\/wp-json\/wp\/v2\/types\/post"}],"author":[{"embeddable":true,"href":"https:\/\/notiamba.com\/index.php\/wp-json\/wp\/v2\/users\/2"}],"replies":[{"embeddable":true,"href":"https:\/\/notiamba.com\/index.php\/wp-json\/wp\/v2\/comments?post=3713"}],"version-history":[{"count":1,"href":"https:\/\/notiamba.com\/index.php\/wp-json\/wp\/v2\/posts\/3713\/revisions"}],"predecessor-version":[{"id":3715,"href":"https:\/\/notiamba.com\/index.php\/wp-json\/wp\/v2\/posts\/3713\/revisions\/3715"}],"wp:featuredmedia":[{"embeddable":true,"href":"https:\/\/notiamba.com\/index.php\/wp-json\/wp\/v2\/media\/3714"}],"wp:attachment":[{"href":"https:\/\/notiamba.com\/index.php\/wp-json\/wp\/v2\/media?parent=3713"}],"wp:term":[{"taxonomy":"category","embeddable":true,"href":"https:\/\/notiamba.com\/index.php\/wp-json\/wp\/v2\/categories?post=3713"},{"taxonomy":"post_tag","embeddable":true,"href":"https:\/\/notiamba.com\/index.php\/wp-json\/wp\/v2\/tags?post=3713"}],"curies":[{"name":"wp","href":"https:\/\/api.w.org\/{rel}","templated":true}]}}