{"id":3666,"date":"2025-06-24T11:13:04","date_gmt":"2025-06-24T14:13:04","guid":{"rendered":"https:\/\/notiamba.com\/?p=3666"},"modified":"2025-07-07T15:07:02","modified_gmt":"2025-07-07T18:07:02","slug":"continua-el-frio-intenso-y-se-anuncian-lluvias-en-el-amba","status":"publish","type":"post","link":"https:\/\/notiamba.com\/index.php\/2025\/06\/24\/continua-el-frio-intenso-y-se-anuncian-lluvias-en-el-amba\/","title":{"rendered":"CONTIN\u00daA EL FR\u00cdO INTENSO Y SE ANUNCIAN LLUVIAS EN EL AMBA"},"content":{"rendered":"\n<p>El fr\u00edo se mantendr\u00e1 durante los pr\u00f3ximos d\u00edas, aunque se espera un aumento gradual de las temperaturas. Para el jueves, el Servicio Meteorol\u00f3gico Nacional prev\u00e9 la llegada de lluvias que podr\u00edan extenderse hasta el fin de semana, generando un ambiente h\u00famedo y fresco en toda la regi\u00f3n.<\/p>\n\n\n\n<p>El mi\u00e9rcoles continuar\u00e1 con tiempo seco pero con un cambio importante en el viento, que soplar\u00e1 con mayor intensidad desde el sudoeste. Se esperan r\u00e1fagas de entre 42 y 50 km\/h y un leve ascenso t\u00e9rmico, con m\u00ednima de 6\u00b0C y m\u00e1xima de 13\u00b0C. El cielo estar\u00e1 parcialmente nublado, pero sin precipitaciones a la vista.<\/p>\n\n\n\n<p>El jueves se mantendr\u00e1n las condiciones estables: temperaturas algo m\u00e1s bajas al amanecer (m\u00ednima de 4\u00b0C), cielo mayormente despejado y vientos moderados del sur. El viernes seguir\u00e1 en la misma l\u00ednea, aunque con una m\u00ednima que subir\u00e1 levemente hasta los 6\u00b0C y una tarde algo m\u00e1s templada, con 14\u00b0C de m\u00e1xima.<\/p>\n\n\n\n<p>El s\u00e1bado 28 cerrar\u00e1 la semana con cielo parcialmente nublado, temperaturas entre los 7\u00b0C y 13\u00b0C, y sin lluvias previstas. En cambio, el domingo se presenta con mayor inestabilidad: se espera un aumento de la nubosidad y probabilidad de precipitaciones entre la ma\u00f1ana y la tarde, con temperaturas que oscilar\u00e1n entre los 9\u00b0C y 12\u00b0C.<\/p>\n\n\n\n<p>El lunes 30 mantendr\u00e1 la tendencia gris, aunque con chances bajas de lluvia. Las marcas t\u00e9rmicas se mover\u00e1n entre los 9\u00b0C y 11\u00b0C, y el cielo estar\u00e1 mayormente cubierto.<\/p>\n","protected":false},"excerpt":{"rendered":"<p>El fr\u00edo se mantendr\u00e1 durante los pr\u00f3ximos d\u00edas, aunque se espera un aumento gradual de las temperaturas. Para el jueves, el Servicio Meteorol\u00f3gico Nacional prev\u00e9 la llegada de lluvias que podr\u00edan extenderse hasta el fin de semana, generando un ambiente h\u00famedo y fresco en toda la regi\u00f3n. El mi\u00e9rcoles continuar\u00e1 con tiempo seco pero con [&hellip;]<\/p>\n","protected":false},"author":2,"featured_media":3667,"comment_status":"closed","ping_status":"closed","sticky":false,"template":"","format":"standard","meta":{"footnotes":""},"categories":[16],"tags":[40,1061,1062,1060],"class_list":{"0":"post-3666","1":"post","2":"type-post","3":"status-publish","4":"format-standard","5":"has-post-thumbnail","7":"category-sociedad-mello-merlo","8":"tag-amba","9":"tag-frio","10":"tag-lluvia","11":"tag-temperatura"},"_links":{"self":[{"href":"https:\/\/notiamba.com\/index.php\/wp-json\/wp\/v2\/posts\/3666","targetHints":{"allow":["GET"]}}],"collection":[{"href":"https:\/\/notiamba.com\/index.php\/wp-json\/wp\/v2\/posts"}],"about":[{"href":"https:\/\/notiamba.com\/index.php\/wp-json\/wp\/v2\/types\/post"}],"author":[{"embeddable":true,"href":"https:\/\/notiamba.com\/index.php\/wp-json\/wp\/v2\/users\/2"}],"replies":[{"embeddable":true,"href":"https:\/\/notiamba.com\/index.php\/wp-json\/wp\/v2\/comments?post=3666"}],"version-history":[{"count":1,"href":"https:\/\/notiamba.com\/index.php\/wp-json\/wp\/v2\/posts\/3666\/revisions"}],"predecessor-version":[{"id":3668,"href":"https:\/\/notiamba.com\/index.php\/wp-json\/wp\/v2\/posts\/3666\/revisions\/3668"}],"wp:featuredmedia":[{"embeddable":true,"href":"https:\/\/notiamba.com\/index.php\/wp-json\/wp\/v2\/media\/3667"}],"wp:attachment":[{"href":"https:\/\/notiamba.com\/index.php\/wp-json\/wp\/v2\/media?parent=3666"}],"wp:term":[{"taxonomy":"category","embeddable":true,"href":"https:\/\/notiamba.com\/index.php\/wp-json\/wp\/v2\/categories?post=3666"},{"taxonomy":"post_tag","embeddable":true,"href":"https:\/\/notiamba.com\/index.php\/wp-json\/wp\/v2\/tags?post=3666"}],"curies":[{"name":"wp","href":"https:\/\/api.w.org\/{rel}","templated":true}]}}