{"id":3663,"date":"2025-06-23T10:41:49","date_gmt":"2025-06-23T13:41:49","guid":{"rendered":"https:\/\/notiamba.com\/?p=3663"},"modified":"2025-07-07T15:06:57","modified_gmt":"2025-07-07T18:06:57","slug":"anuncia-la-construccion-del-centro-comunitario-papa-francisco-en-derqui","status":"publish","type":"post","link":"https:\/\/notiamba.com\/index.php\/2025\/06\/23\/anuncia-la-construccion-del-centro-comunitario-papa-francisco-en-derqui\/","title":{"rendered":"ANUNCIA LA CONSTRUCCI\u00d3N DEL CENTRO COMUNITARIO PAPA FRANCISCO EN DERQUI"},"content":{"rendered":"\n<p>El centro llevar\u00e1 el nombre del Papa Francisco en homenaje a su mensaje de solidaridad, inclusi\u00f3n y compromiso con los m\u00e1s necesitados. Desde el Municipio destacaron que la iniciativa apunta a construir un Estado m\u00e1s presente y cercano a las realidades de cada barrio.<\/p>\n\n\n\n<p>Durante una recorrida por las obras en ejecuci\u00f3n en el barrio, Ach\u00e1val comunic\u00f3 la iniciativa a los vecinos y sostuvo que el nuevo centro &#8220;&#8221;ser\u00e1 un espacio de encuentro e inclusi\u00f3n. El edificio contar\u00e1 con un play\u00f3n multideportivo, vestuarios, ba\u00f1os, duchas, un Sal\u00f3n de Usos M\u00faltiples (SUM) y aulas, y ofrecer\u00e1 propuestas culturales, recreativas, deportivas y formativas.<\/p>\n\n\n\n<p>El jefe comunal destac\u00f3 que el nombre del centro responde a la intenci\u00f3n de poner en valor el mensaje del Papa Francisco, centrado en la solidaridad y la justicia social. \u201cQueremos construir una sociedad con m\u00e1s oportunidades y en la que nadie se salva solo\u201d, afirm\u00f3.<\/p>\n\n\n\n<p>Adem\u00e1s del anuncio, el intendente recorri\u00f3 otras intervenciones urbanas en marcha en La Escondida, que incluyen obras hidr\u00e1ulicas, pavimentaci\u00f3n, veredas, cordones y la instalaci\u00f3n de luminarias LED. Lo acompa\u00f1aron funcionarios del gabinete municipal, entre ellos el secretario de Gobierno Santiago Laurent y la secretaria General Soledad Peralta, junto a concejales del distrito.<\/p>\n","protected":false},"excerpt":{"rendered":"<p>El centro llevar\u00e1 el nombre del Papa Francisco en homenaje a su mensaje de solidaridad, inclusi\u00f3n y compromiso con los m\u00e1s necesitados. Desde el Municipio destacaron que la iniciativa apunta a construir un Estado m\u00e1s presente y cercano a las realidades de cada barrio. Durante una recorrida por las obras en ejecuci\u00f3n en el barrio, [&hellip;]<\/p>\n","protected":false},"author":2,"featured_media":3664,"comment_status":"closed","ping_status":"closed","sticky":false,"template":"","format":"standard","meta":{"footnotes":""},"categories":[16],"tags":[1058,1057,1059,1055,1056,1054,590],"class_list":{"0":"post-3663","1":"post","2":"type-post","3":"status-publish","4":"format-standard","5":"has-post-thumbnail","7":"category-sociedad-mello-merlo","8":"tag-centro-comunitario-papa-francisco","9":"tag-derqui","10":"tag-derqui-pilar","11":"tag-familias-del-barrio","12":"tag-municipio","13":"tag-nuevo-centro","14":"tag-papa-francisco"},"_links":{"self":[{"href":"https:\/\/notiamba.com\/index.php\/wp-json\/wp\/v2\/posts\/3663","targetHints":{"allow":["GET"]}}],"collection":[{"href":"https:\/\/notiamba.com\/index.php\/wp-json\/wp\/v2\/posts"}],"about":[{"href":"https:\/\/notiamba.com\/index.php\/wp-json\/wp\/v2\/types\/post"}],"author":[{"embeddable":true,"href":"https:\/\/notiamba.com\/index.php\/wp-json\/wp\/v2\/users\/2"}],"replies":[{"embeddable":true,"href":"https:\/\/notiamba.com\/index.php\/wp-json\/wp\/v2\/comments?post=3663"}],"version-history":[{"count":1,"href":"https:\/\/notiamba.com\/index.php\/wp-json\/wp\/v2\/posts\/3663\/revisions"}],"predecessor-version":[{"id":3665,"href":"https:\/\/notiamba.com\/index.php\/wp-json\/wp\/v2\/posts\/3663\/revisions\/3665"}],"wp:featuredmedia":[{"embeddable":true,"href":"https:\/\/notiamba.com\/index.php\/wp-json\/wp\/v2\/media\/3664"}],"wp:attachment":[{"href":"https:\/\/notiamba.com\/index.php\/wp-json\/wp\/v2\/media?parent=3663"}],"wp:term":[{"taxonomy":"category","embeddable":true,"href":"https:\/\/notiamba.com\/index.php\/wp-json\/wp\/v2\/categories?post=3663"},{"taxonomy":"post_tag","embeddable":true,"href":"https:\/\/notiamba.com\/index.php\/wp-json\/wp\/v2\/tags?post=3663"}],"curies":[{"name":"wp","href":"https:\/\/api.w.org\/{rel}","templated":true}]}}