{"id":3575,"date":"2025-04-24T11:43:52","date_gmt":"2025-04-24T14:43:52","guid":{"rendered":"https:\/\/notiamba.com\/?p=3575"},"modified":"2025-04-30T12:28:01","modified_gmt":"2025-04-30T15:28:01","slug":"maria-becerra-internada-y-operada-de-urgencia","status":"publish","type":"post","link":"https:\/\/notiamba.com\/index.php\/2025\/04\/24\/maria-becerra-internada-y-operada-de-urgencia\/","title":{"rendered":"MAR\u00cdA BECERRA INTERNADA Y OPERADA DE URGENCIA"},"content":{"rendered":"\n<p>Mar\u00eda Becerra\u00a0encendi\u00f3 las alarmas entre sus seguidores tras ser internada de urgencia en la Cl\u00ednica Zavala, en el barrio de Belgrano. Seg\u00fan inform\u00f3 el periodista\u00a0Gustavo M\u00e9ndez\u00a0en su canal de streaming LOVE\/ST, la artista acudi\u00f3 al centro de salud durante la madrugada por fuertes dolores abdominales.\u00a0Los m\u00e9dicos detectaron una hemorragia interna severa y decidieron intervenirla quir\u00fargicamente.<\/p>\n\n\n\n<p>El diagn\u00f3stico fue &#8220;abdomen agudo con shock hipovol\u00e9mico&#8221;, una condici\u00f3n cr\u00edtica causada por p\u00e9rdida excesiva de sangre, que puede afectar \u00f3rganos vitales.&nbsp;Despu\u00e9s de la operaci\u00f3n, la cantante fue trasladada a terapia intensiva y, tras varias horas de preocupaci\u00f3n, finalmente fue extubada y comenz\u00f3 a mostrar signos de recuperaci\u00f3n.<\/p>\n\n\n\n<p>Durante todo el proceso, Mar\u00eda estuvo acompa\u00f1ada por su novio, el tambi\u00e9n cantante\u00a0J Rei,\u00a0quien no se movi\u00f3 de su lado.\u00a0&#8220;No abandon\u00f3 ni por un segundo la habitaci\u00f3n de su novia&#8221;, asegur\u00f3 M\u00e9ndez.<\/p>\n\n\n\n<p>El tema tambi\u00e9n fue abordado en el programa LAM, donde\u00a0Pepe Ochoa\u00a0ampli\u00f3 la informaci\u00f3n: &#8220;Entr\u00f3 con un cuadro de hemorragia.\u00a0Estaba muy grave. Le agarr\u00f3 anemia, estuvo con respirador toda la noche, porque perdi\u00f3 tanta sangre que le hicieron una transfusi\u00f3n&#8221;.<\/p>\n\n\n\n<p>Afortunadamente, hacia la tarde le quitaron la ventilaci\u00f3n asistida. Aunque su estado es estable, permanecer\u00e1 internada algunos d\u00edas m\u00e1s.<\/p>\n","protected":false},"excerpt":{"rendered":"<p>Mar\u00eda Becerra\u00a0encendi\u00f3 las alarmas entre sus seguidores tras ser internada de urgencia en la Cl\u00ednica Zavala, en el barrio de Belgrano. Seg\u00fan inform\u00f3 el periodista\u00a0Gustavo M\u00e9ndez\u00a0en su canal de streaming LOVE\/ST, la artista acudi\u00f3 al centro de salud durante la madrugada por fuertes dolores abdominales.\u00a0Los m\u00e9dicos detectaron una hemorragia interna severa y decidieron intervenirla quir\u00fargicamente. [&hellip;]<\/p>\n","protected":false},"author":1,"featured_media":3576,"comment_status":"closed","ping_status":"closed","sticky":false,"template":"","format":"standard","meta":{"footnotes":""},"categories":[16],"tags":[1021,1020],"class_list":{"0":"post-3575","1":"post","2":"type-post","3":"status-publish","4":"format-standard","5":"has-post-thumbnail","7":"category-sociedad-mello-merlo","8":"tag-espectaculos","9":"tag-maria-becerra"},"_links":{"self":[{"href":"https:\/\/notiamba.com\/index.php\/wp-json\/wp\/v2\/posts\/3575","targetHints":{"allow":["GET"]}}],"collection":[{"href":"https:\/\/notiamba.com\/index.php\/wp-json\/wp\/v2\/posts"}],"about":[{"href":"https:\/\/notiamba.com\/index.php\/wp-json\/wp\/v2\/types\/post"}],"author":[{"embeddable":true,"href":"https:\/\/notiamba.com\/index.php\/wp-json\/wp\/v2\/users\/1"}],"replies":[{"embeddable":true,"href":"https:\/\/notiamba.com\/index.php\/wp-json\/wp\/v2\/comments?post=3575"}],"version-history":[{"count":1,"href":"https:\/\/notiamba.com\/index.php\/wp-json\/wp\/v2\/posts\/3575\/revisions"}],"predecessor-version":[{"id":3577,"href":"https:\/\/notiamba.com\/index.php\/wp-json\/wp\/v2\/posts\/3575\/revisions\/3577"}],"wp:featuredmedia":[{"embeddable":true,"href":"https:\/\/notiamba.com\/index.php\/wp-json\/wp\/v2\/media\/3576"}],"wp:attachment":[{"href":"https:\/\/notiamba.com\/index.php\/wp-json\/wp\/v2\/media?parent=3575"}],"wp:term":[{"taxonomy":"category","embeddable":true,"href":"https:\/\/notiamba.com\/index.php\/wp-json\/wp\/v2\/categories?post=3575"},{"taxonomy":"post_tag","embeddable":true,"href":"https:\/\/notiamba.com\/index.php\/wp-json\/wp\/v2\/tags?post=3575"}],"curies":[{"name":"wp","href":"https:\/\/api.w.org\/{rel}","templated":true}]}}