{"id":3530,"date":"2025-03-28T11:39:56","date_gmt":"2025-03-28T14:39:56","guid":{"rendered":"https:\/\/notiamba.com\/?p=3530"},"modified":"2025-04-30T12:31:35","modified_gmt":"2025-04-30T15:31:35","slug":"becas-progresar-2025-inscripciones-y-requisitos","status":"publish","type":"post","link":"https:\/\/notiamba.com\/index.php\/2025\/03\/28\/becas-progresar-2025-inscripciones-y-requisitos\/","title":{"rendered":"BECAS PROGRESAR 2025 INSCRIPCIONES Y REQUISITOS"},"content":{"rendered":"\n<p>El Gobierno nacional anunci\u00f3 oficialmente las fechas para inscribirse a las&nbsp;Becas Progresar 2025, un programa que brinda apoyo econ\u00f3mico a estudiantes de nivel secundario, terciario y universitario. A partir de esta semana, los interesados podr\u00e1n actualizar sus datos para acceder a la ayuda social.<\/p>\n\n\n\n<p>Los estudiantes interesados deben registrarse en el sitio oficial para postularse a las distintas l\u00edneas de becas. Los primeros plazos comienzan el 31 de marzo y se extender\u00e1n hasta el 30 de noviembre para algunas categor\u00edas.<\/p>\n\n\n\n<h2 class=\"wp-block-heading\">\u00bfQu\u00e9 categor\u00edas est\u00e1n habilitadas para la inscripci\u00f3n?<\/h2>\n\n\n\n<p>Las inscripciones estar\u00e1n abiertas en diferentes etapas seg\u00fan la categor\u00eda solicitada:<\/p>\n\n\n\n<ol class=\"wp-block-list\">\n<li><strong>Educaci\u00f3n Obligatoria<\/strong>: Los aspirantes podr\u00e1n inscribirse desde este\u00a0<strong>viernes<\/strong>, con fecha l\u00edmite hasta el\u00a0<strong>10 de abril<\/strong>.<\/li>\n\n\n\n<li><strong>Fomento de la educaci\u00f3n superior y Progresar Enfermer\u00eda<\/strong>: Podr\u00e1n hacerlo desde el\u00a0<strong>31 de marzo<\/strong>\u00a0hasta el\u00a0<strong>20 de abril<\/strong>.<\/li>\n\n\n\n<li><strong>Progresar Trabajo<\/strong>: Los interesados podr\u00e1n completar el formulario desde el\u00a0<strong>21 de abril<\/strong>\u00a0hasta el\u00a0<strong>30 de noviembre<\/strong>.<\/li>\n<\/ol>\n\n\n\n<p>Este a\u00f1o,&nbsp;<strong>el monto mensual a percibir ser\u00e1 de 35.000 pesos<\/strong>, cifra que se mantiene estable tras el aumento del 75% implementado en septiembre de 2024.<\/p>\n\n\n\n<h2 class=\"wp-block-heading\">Requisitos para acceder a las Becas Progresar<\/h2>\n\n\n\n<p>El acceso al programa est\u00e1 sujeto a ciertos requisitos de edad e ingresos familiares. Los estudiantes deben cumplir con los siguientes par\u00e1metros seg\u00fan la categor\u00eda solicitada:<\/p>\n\n\n\n<ul class=\"wp-block-list\">\n<li><strong>Progresar Obligatorio<\/strong>: Para finalizar la educaci\u00f3n secundaria, los aspirantes deben tener entre 16 y 24 a\u00f1os.<\/li>\n\n\n\n<li><strong>Progresar Superior<\/strong>: Los estudiantes de nivel terciario o universitario deben tener entre 17 y 24 a\u00f1os, aunque este l\u00edmite se extiende hasta los 30 a\u00f1os si ya est\u00e1n avanzados en sus estudios.<\/li>\n\n\n\n<li><strong>Progresar Trabajo<\/strong>: Los solicitantes deben tener entre 18 y 24 a\u00f1os, aunque este l\u00edmite se puede ampliar hasta los 40 a\u00f1os en caso de no tener empleo registrado.<\/li>\n<\/ul>\n\n\n\n<p>Adem\u00e1s, los ingresos del grupo familiar no deben superar tres veces el&nbsp;<strong>Salario M\u00ednimo Vital y M\u00f3vil<\/strong>&nbsp;y los aspirantes deben acreditar asistencia regular a clases.<\/p>\n\n\n\n<h2 class=\"wp-block-heading\">\u00bfC\u00f3mo inscribirse a las Becas Progresar 2025?<\/h2>\n\n\n\n<p>La inscripci\u00f3n a las&nbsp;<strong>Becas Progresar Superior<\/strong>&nbsp;es muy sencilla y se realiza a trav\u00e9s de la web oficial del programa. Para completar el proceso, los aspirantes deben seguir estos pasos:<\/p>\n\n\n\n<ol class=\"wp-block-list\">\n<li><strong>Acceder a la web de Progresar<\/strong>\u00a0y seleccionar la l\u00ednea de beca.<\/li>\n\n\n\n<li>Si ya est\u00e1n inscriptos, ingresar con su\u00a0<strong>CUIL y contrase\u00f1a<\/strong>; de lo contrario, crear un nuevo usuario.<\/li>\n\n\n\n<li><strong>Completar los datos personales<\/strong>\u00a0y hacer clic en\u00a0<strong>\u201cActualizar datos\u201d<\/strong>.<\/li>\n\n\n\n<li>Completar la\u00a0<strong>encuesta confidencial<\/strong>\u00a0y proporcionar la documentaci\u00f3n correspondiente si aplican al programa de discapacidad o refugiados.<\/li>\n\n\n\n<li>En\u00a0<strong>\u201cDatos acad\u00e9micos\u201d<\/strong>, elegir la l\u00ednea de beca correspondiente y aceptar los t\u00e9rminos y condiciones.<\/li>\n\n\n\n<li>Descargar el comprobante de inscripci\u00f3n para guardar como referencia.<\/li>\n<\/ol>\n\n\n\n<p><\/p>\n","protected":false},"excerpt":{"rendered":"<p>El Gobierno nacional anunci\u00f3 oficialmente las fechas para inscribirse a las&nbsp;Becas Progresar 2025, un programa que brinda apoyo econ\u00f3mico a estudiantes de nivel secundario, terciario y universitario. A partir de esta semana, los interesados podr\u00e1n actualizar sus datos para acceder a la ayuda social. Los estudiantes interesados deben registrarse en el sitio oficial para postularse [&hellip;]<\/p>\n","protected":false},"author":1,"featured_media":3531,"comment_status":"closed","ping_status":"closed","sticky":false,"template":"","format":"standard","meta":{"footnotes":""},"categories":[16],"tags":[1000,315],"class_list":{"0":"post-3530","1":"post","2":"type-post","3":"status-publish","4":"format-standard","5":"has-post-thumbnail","7":"category-sociedad-mello-merlo","8":"tag-becas-progresar-2025","9":"tag-educacion"},"_links":{"self":[{"href":"https:\/\/notiamba.com\/index.php\/wp-json\/wp\/v2\/posts\/3530","targetHints":{"allow":["GET"]}}],"collection":[{"href":"https:\/\/notiamba.com\/index.php\/wp-json\/wp\/v2\/posts"}],"about":[{"href":"https:\/\/notiamba.com\/index.php\/wp-json\/wp\/v2\/types\/post"}],"author":[{"embeddable":true,"href":"https:\/\/notiamba.com\/index.php\/wp-json\/wp\/v2\/users\/1"}],"replies":[{"embeddable":true,"href":"https:\/\/notiamba.com\/index.php\/wp-json\/wp\/v2\/comments?post=3530"}],"version-history":[{"count":1,"href":"https:\/\/notiamba.com\/index.php\/wp-json\/wp\/v2\/posts\/3530\/revisions"}],"predecessor-version":[{"id":3532,"href":"https:\/\/notiamba.com\/index.php\/wp-json\/wp\/v2\/posts\/3530\/revisions\/3532"}],"wp:featuredmedia":[{"embeddable":true,"href":"https:\/\/notiamba.com\/index.php\/wp-json\/wp\/v2\/media\/3531"}],"wp:attachment":[{"href":"https:\/\/notiamba.com\/index.php\/wp-json\/wp\/v2\/media?parent=3530"}],"wp:term":[{"taxonomy":"category","embeddable":true,"href":"https:\/\/notiamba.com\/index.php\/wp-json\/wp\/v2\/categories?post=3530"},{"taxonomy":"post_tag","embeddable":true,"href":"https:\/\/notiamba.com\/index.php\/wp-json\/wp\/v2\/tags?post=3530"}],"curies":[{"name":"wp","href":"https:\/\/api.w.org\/{rel}","templated":true}]}}