{"id":3334,"date":"2025-01-08T08:49:40","date_gmt":"2025-01-08T11:49:40","guid":{"rendered":"https:\/\/notiamba.com\/?p=3334"},"modified":"2025-01-08T08:49:40","modified_gmt":"2025-01-08T11:49:40","slug":"comenzaron-las-colonias-de-verano-en-merlo","status":"publish","type":"post","link":"https:\/\/notiamba.com\/index.php\/2025\/01\/08\/comenzaron-las-colonias-de-verano-en-merlo\/","title":{"rendered":"COMENZARON LAS COLONIAS DE VERANO EN MERLO"},"content":{"rendered":"\n<h2 class=\"wp-block-heading\">Tanto adultos mayores, infantiles e inclusivo iniciaron la colonia de verano municipal gratuita en los diferentes puntos del distrito de Merlo.<\/h2>\n\n\n\n<p>El<strong> primer contingente de ni\u00f1os y ni\u00f1as entre 5 y 12 a\u00f1os<\/strong> comenz\u00f3 la colonia de martes a viernes de 14 a 18 horas en los diferentes predios del distrito. Durante la jornada los ni\u00f1os realizan actividades recreativas, deportivas,\u00a0 acu\u00e1ticas y talleres planificadas por los profesores, para luego cerrar el d\u00eda compartiendo una merienda entre todos.<\/p>\n\n\n\n<p>La Colonia de Verano Municipal a cargo de la Subsecretar\u00eda de Deportes cuenta con 4 sedes disponibles: Argentino de Merlo (Merlo Norte); Predio El Remanso (Parque San Mart\u00edn); ASIMRA (A. Ferrari) y Club Ferrocarril Oeste (Pontevedra).<\/p>\n\n\n\n<p>Jimena Ponce, Coordinadora de la Colonia Municipal del Remanso manifest\u00f3 que \u201c<em>este tipo de propuesta favorece a todos los chicos que no tienen las posibilidades de acceder a unas vacaciones, es por eso que brindarle este lugar de encuentro con otros chicos es b\u00e1rbaro porque es totalmente gratuito\u201d.<\/em><\/p>\n\n\n\n<figure class=\"wp-block-image size-full\"><img loading=\"lazy\" decoding=\"async\" width=\"1000\" height=\"563\" src=\"https:\/\/notiamba.com\/wp-content\/uploads\/2025\/01\/COLONIA-7.jpg\" alt=\"\" class=\"wp-image-3335\" srcset=\"https:\/\/notiamba.com\/wp-content\/uploads\/2025\/01\/COLONIA-7.jpg 1000w, https:\/\/notiamba.com\/wp-content\/uploads\/2025\/01\/COLONIA-7-300x169.jpg 300w, https:\/\/notiamba.com\/wp-content\/uploads\/2025\/01\/COLONIA-7-768x432.jpg 768w, https:\/\/notiamba.com\/wp-content\/uploads\/2025\/01\/COLONIA-7-150x84.jpg 150w, https:\/\/notiamba.com\/wp-content\/uploads\/2025\/01\/COLONIA-7-696x392.jpg 696w\" sizes=\"auto, (max-width: 1000px) 100vw, 1000px\" \/><\/figure>\n\n\n\n<p>Por otro lado, el <strong>Programa Merlo Inclusivo<\/strong> del distrito a cargo de la Subseretar\u00eda de Deportes tambi\u00e9n cuenta con su Colonia de Verano en la cual forman parte 350 inscriptos en el predio A.S.I.M.R.A. de la localidad de Ferrari.<\/p>\n\n\n\n<p>Las jornadas se desarrollan de lunes a viernes de 8:30 a 12:30 hs con la llegada de los chicos y las chicas al lugar, para luego desayunar. Se dividen en grupos, seg\u00fan y comienzan&nbsp; con las diferentes actividades como b\u00e1squet, f\u00fatbol, nataci\u00f3n, baile, entre otras.<\/p>\n\n\n\n<p>El coordinador de la Colonia \u201cMerlo Inclusivo\u201d Gonzalo Gonz\u00e1lez expres\u00f3 que \u201c<em>Son nueve grupos divididos para realizar diferentes juegos y talleres din\u00e1micos. Contamos con muchos alumnos nuevos junto a otros que vienen hace mucho tiempo\u201d.<\/em><\/p>\n\n\n\n<p>Adem\u00e1s, explic\u00f3 que \u201c<em>La Colonia Inclusiva cuenta con m\u00e1s de 350 colonos y la mayor\u00eda viene por nataci\u00f3n, tanto para grandes como para chicos\u201d.<\/em><\/p>\n\n\n\n<p>Estas espacios de recreaci\u00f3n posibilita que las personas con m\u00faltiples discapacidades formen parte de disciplinas deportivas y recretivas, en articulaci\u00f3n con escuelas, instituciones y dependencias municipales para llevar adelantes actividades conjuntas.<\/p>\n\n\n\n<figure class=\"wp-block-image size-large\"><img loading=\"lazy\" decoding=\"async\" width=\"1024\" height=\"576\" src=\"https:\/\/notiamba.com\/wp-content\/uploads\/2025\/01\/colonia-asimra-2025-2-1024x576.jpg\" alt=\"\" class=\"wp-image-3336\" srcset=\"https:\/\/notiamba.com\/wp-content\/uploads\/2025\/01\/colonia-asimra-2025-2-1024x576.jpg 1024w, https:\/\/notiamba.com\/wp-content\/uploads\/2025\/01\/colonia-asimra-2025-2-300x169.jpg 300w, https:\/\/notiamba.com\/wp-content\/uploads\/2025\/01\/colonia-asimra-2025-2-768x432.jpg 768w, https:\/\/notiamba.com\/wp-content\/uploads\/2025\/01\/colonia-asimra-2025-2-150x84.jpg 150w, https:\/\/notiamba.com\/wp-content\/uploads\/2025\/01\/colonia-asimra-2025-2-696x392.jpg 696w, https:\/\/notiamba.com\/wp-content\/uploads\/2025\/01\/colonia-asimra-2025-2-1068x601.jpg 1068w, https:\/\/notiamba.com\/wp-content\/uploads\/2025\/01\/colonia-asimra-2025-2.jpg 1200w\" sizes=\"auto, (max-width: 1024px) 100vw, 1024px\" \/><\/figure>\n","protected":false},"excerpt":{"rendered":"<p>Tanto adultos mayores, infantiles e inclusivo iniciaron la colonia de verano municipal gratuita en los diferentes puntos del distrito de Merlo. El primer contingente de ni\u00f1os y ni\u00f1as entre 5 y 12 a\u00f1os comenz\u00f3 la colonia de martes a viernes de 14 a 18 horas en los diferentes predios del distrito. Durante la jornada los [&hellip;]<\/p>\n","protected":false},"author":3,"featured_media":3338,"comment_status":"closed","ping_status":"closed","sticky":false,"template":"","format":"standard","meta":{"footnotes":""},"categories":[23],"tags":[892,206,192,43,833,223,893],"class_list":{"0":"post-3334","1":"post","2":"type-post","3":"status-publish","4":"format-standard","5":"has-post-thumbnail","7":"category-deportes-merlo","8":"tag-colonias-convencionales","9":"tag-colonias-de-verano","10":"tag-gustavo-menendez-2","11":"tag-merlo","12":"tag-merlo-inclusivo","13":"tag-municipio-de-merlo","14":"tag-subsecretaria-de-deportes"},"_links":{"self":[{"href":"https:\/\/notiamba.com\/index.php\/wp-json\/wp\/v2\/posts\/3334","targetHints":{"allow":["GET"]}}],"collection":[{"href":"https:\/\/notiamba.com\/index.php\/wp-json\/wp\/v2\/posts"}],"about":[{"href":"https:\/\/notiamba.com\/index.php\/wp-json\/wp\/v2\/types\/post"}],"author":[{"embeddable":true,"href":"https:\/\/notiamba.com\/index.php\/wp-json\/wp\/v2\/users\/3"}],"replies":[{"embeddable":true,"href":"https:\/\/notiamba.com\/index.php\/wp-json\/wp\/v2\/comments?post=3334"}],"version-history":[{"count":1,"href":"https:\/\/notiamba.com\/index.php\/wp-json\/wp\/v2\/posts\/3334\/revisions"}],"predecessor-version":[{"id":3339,"href":"https:\/\/notiamba.com\/index.php\/wp-json\/wp\/v2\/posts\/3334\/revisions\/3339"}],"wp:featuredmedia":[{"embeddable":true,"href":"https:\/\/notiamba.com\/index.php\/wp-json\/wp\/v2\/media\/3338"}],"wp:attachment":[{"href":"https:\/\/notiamba.com\/index.php\/wp-json\/wp\/v2\/media?parent=3334"}],"wp:term":[{"taxonomy":"category","embeddable":true,"href":"https:\/\/notiamba.com\/index.php\/wp-json\/wp\/v2\/categories?post=3334"},{"taxonomy":"post_tag","embeddable":true,"href":"https:\/\/notiamba.com\/index.php\/wp-json\/wp\/v2\/tags?post=3334"}],"curies":[{"name":"wp","href":"https:\/\/api.w.org\/{rel}","templated":true}]}}