{"id":319,"date":"2020-12-31T23:16:49","date_gmt":"2020-12-31T23:16:49","guid":{"rendered":"http:\/\/notiamba.com\/?p=319"},"modified":"2023-11-14T15:26:54","modified_gmt":"2023-11-14T15:26:54","slug":"merlo-cierre-de-ano-de-los-jardines-comunitarios","status":"publish","type":"post","link":"https:\/\/notiamba.com\/index.php\/2020\/12\/31\/merlo-cierre-de-ano-de-los-jardines-comunitarios\/","title":{"rendered":"MERLO: CIERRE DE A\u00d1O DE LOS JARDINES COMUNITARIOS"},"content":{"rendered":"\n<p>El intendente de Merlo, Gustavo Men\u00e9ndez y el Ministro de Desarrollo Social de la Naci\u00f3n, Daniel Arroyo, participaron del acto de cierre de los jardines comunitarios locales junto con el Colectivo Nacional de Ni\u00f1ez, Adolescencia y Familia (CONNAF).<\/p>\n\n\n\n<p>El acto de cierre se llev\u00f3 adelante en el Jard\u00edn Comunitario \u201cAbr\u00e1zame II\u201d de Barrio Reconquista organizado por el Colectivo CONNAF que nuclea a instituciones de las primeras infancias que desarrollan las comunidades para atender las problem\u00e1ticas educativas y de cuidado. El colectivo cuenta con 187 instituciones en la Provincia de Buenos Aires, m\u00e1s de 3.000 educadoras comunitarias, y 37.000 ni\u00f1os y ni\u00f1as de 45 d\u00edas a 5 a\u00f1os y adem\u00e1s posee espacios educativos, con eje en lo social, la salud y el cuidado integral de los ni\u00f1os\/as y sus familias.<\/p>\n\n\n\n<p>Durante la jornada de cierre el intendente local se\u00f1al\u00f3 que \u201cHemos dado un paso enorme en un momento muy dif\u00edcil para la Argentina y para el mundo como fue la pandemia que no detuvo ni al Presidente, ni al Ministerio, ni a la Gobernaci\u00f3n, ni al Municipio en la b\u00fasqueda de igualar de abajo hacia arriba en estos sectores que para muchos son invisibles\u201d.<\/p>\n\n\n\n<p>Por su parte, el Ministro de Desarrollo Social de la Naci\u00f3n subray\u00f3 que es necesario \u201cque todos los chicos vayan a sala de 3, 4 y 5 a\u00f1os, y que las madres que necesiten que sus hijos vayan a jardines maternales tambi\u00e9n puedan hacerlo\u201d, y agreg\u00f3 que los objetivos para el 2021 son \u201ccrear 300 mil puestos de trabajo, urbanizar 400 barrios y construir 800 nuevos jardines comunitarios\u201c.<\/p>\n\n\n\n<p>Estuvieron presentes en el acto la Secretaria de Desarrollo Social de Merlo, Karina Men\u00e9ndez, el Secretario de Ni\u00f1ez, Adolescencia y Familia, Dr. Gabriel Lerner, el Subsecretario de Primera Infancia, Lic. Nicol\u00e1s Falcone, el Director Nacional de Primera Infancia, Lic. Federico Berardi y la Directora Nacional de Cuidadores Integrales, Lic. Carolina Brandariz.<\/p>\n","protected":false},"excerpt":{"rendered":"<p>El intendente de Merlo, Gustavo Men\u00e9ndez y el Ministro de Desarrollo Social de la Naci\u00f3n, Daniel Arroyo, participaron del acto de cierre de los jardines comunitarios locales junto con el Colectivo Nacional de Ni\u00f1ez, Adolescencia y Familia (CONNAF). El acto de cierre se llev\u00f3 adelante en el Jard\u00edn Comunitario \u201cAbr\u00e1zame II\u201d de Barrio Reconquista organizado [&hellip;]<\/p>\n","protected":false},"author":1,"featured_media":320,"comment_status":"closed","ping_status":"closed","sticky":false,"template":"","format":"standard","meta":{"footnotes":""},"categories":[21],"tags":[43],"class_list":{"0":"post-319","1":"post","2":"type-post","3":"status-publish","4":"format-standard","5":"has-post-thumbnail","7":"category-educacion-merlo","8":"tag-merlo"},"_links":{"self":[{"href":"https:\/\/notiamba.com\/index.php\/wp-json\/wp\/v2\/posts\/319","targetHints":{"allow":["GET"]}}],"collection":[{"href":"https:\/\/notiamba.com\/index.php\/wp-json\/wp\/v2\/posts"}],"about":[{"href":"https:\/\/notiamba.com\/index.php\/wp-json\/wp\/v2\/types\/post"}],"author":[{"embeddable":true,"href":"https:\/\/notiamba.com\/index.php\/wp-json\/wp\/v2\/users\/1"}],"replies":[{"embeddable":true,"href":"https:\/\/notiamba.com\/index.php\/wp-json\/wp\/v2\/comments?post=319"}],"version-history":[{"count":1,"href":"https:\/\/notiamba.com\/index.php\/wp-json\/wp\/v2\/posts\/319\/revisions"}],"predecessor-version":[{"id":321,"href":"https:\/\/notiamba.com\/index.php\/wp-json\/wp\/v2\/posts\/319\/revisions\/321"}],"wp:featuredmedia":[{"embeddable":true,"href":"https:\/\/notiamba.com\/index.php\/wp-json\/wp\/v2\/media\/320"}],"wp:attachment":[{"href":"https:\/\/notiamba.com\/index.php\/wp-json\/wp\/v2\/media?parent=319"}],"wp:term":[{"taxonomy":"category","embeddable":true,"href":"https:\/\/notiamba.com\/index.php\/wp-json\/wp\/v2\/categories?post=319"},{"taxonomy":"post_tag","embeddable":true,"href":"https:\/\/notiamba.com\/index.php\/wp-json\/wp\/v2\/tags?post=319"}],"curies":[{"name":"wp","href":"https:\/\/api.w.org\/{rel}","templated":true}]}}