{"id":2809,"date":"2024-08-08T15:45:49","date_gmt":"2024-08-08T18:45:49","guid":{"rendered":"https:\/\/notiamba.com\/?p=2809"},"modified":"2024-08-08T15:45:50","modified_gmt":"2024-08-08T18:45:50","slug":"no-se-utilizaran-los-celulares-en-las-aulas-de-caba","status":"publish","type":"post","link":"https:\/\/notiamba.com\/index.php\/2024\/08\/08\/no-se-utilizaran-los-celulares-en-las-aulas-de-caba\/","title":{"rendered":"NO SE UTILIZAR\u00c1N LOS CELULARES EN LAS AULAS DE CABA"},"content":{"rendered":"\n<p>El Ministerio de Educaci\u00f3n de la Ciudad Aut\u00f3noma de Buenos Aires (CABA) anunci\u00f3 hoy que <strong>los alumnos de las escuelas primarias y secundarias porte\u00f1as no podr\u00e1n utilizar los<\/strong><strong>&nbsp;tel\u00e9fonos celulares<\/strong><strong> en clase para que los alumnos &#8220;se concentren&#8221; con los deberes.&nbsp;<\/strong><\/p>\n\n\n\n<p>Desde la cartera educativa informaron que la medida tiene como finalidad limitar de forma absoluta la utilizaci\u00f3n de dispositivos en el nivel inicial, primario y secundario. Sin embargo, quedar\u00e1n exceptuados aquellos estudiantes que requieran del uso de un dispositivo personal digital como apoyo para el aprendizaje.<\/p>\n\n\n\n<p>La titular Mercedes Miguel del programa <strong>Buenos Aires Aprende destac\u00f3 que &#8220;la Argentina se encuentra en el puesto 1 de la OCDE en desatenci\u00f3n por uso de celular en la clase de matem\u00e1tica, dicho por los propios estudiantes&#8221; y agreg\u00f3 que &#8220;hay mucha evidencia sobre cu\u00e1l es el nivel de da\u00f1o que genera el mayor tiempo de nuestros ni\u00f1os&#8221;.<\/strong><\/p>\n\n\n\n<p>Para finalizar, Miguel subray\u00f3 que &#8220;uno de los puntos fundamentales es volver a los aprendizajes fundacionales y para ello es necesario tener la atenci\u00f3n plena y m\u00e1xima de los alumnos en el horario de aprendizaje&#8221;.<\/p>\n\n\n\n<h5 class=\"wp-block-heading\"><strong>\u00bfPor qu\u00e9 se proh\u00edbe el uso del celular en las escuelas de CABA?<\/strong><\/h5>\n\n\n\n<p>La medida busca mejorar la concentraci\u00f3n y el rendimiento acad\u00e9mico de los estudiantes, as\u00ed como fomentar la socializaci\u00f3n durante los recreos.<\/p>\n\n\n\n<h3 class=\"wp-block-heading\"><strong>\u00bfQu\u00e9 dijeron las autoridades de CABA sobre la prohibici\u00f3n del uso del celular?<\/strong><\/h3>\n\n\n\n<p>\u201cLa decisi\u00f3n est\u00e1 enmarcada en el programa Buenos Aires Aprende, ya que uno de los puntos fundamentales es volver a los aprendizajes fundacionales y para ello es necesario tener la atenci\u00f3n plena y m\u00e1xima de los alumnos en el horario de aprendizaje\u201d, le se\u00f1al\u00f3 la ministra de Educaci\u00f3n porte\u00f1a, Mercedes Miguel a la periodista Agustina Sturla.<\/p>\n\n\n\n<h3 class=\"wp-block-heading\"><strong>\u00bfQu\u00e9 revel\u00f3 la encuesta de la Unidad de Evaluaci\u00f3n Integral de la Calidad y Equidad Educativa (UEICEE)?<\/strong><\/h3>\n\n\n\n<ul class=\"wp-block-list\">\n<li>Los chicos usan dispositivos electr\u00f3nicos m\u00e1s de dos horas al d\u00eda, tiempo superior al recomendado.<\/li>\n\n\n\n<li>Ocho de cada 10 docentes aseguran que el uso del tel\u00e9fono en el aula dificulta la atenci\u00f3n y participaci\u00f3n de los estudiantes.<\/li>\n\n\n\n<li>Siete de cada 10 padres destacan las consecuencias negativas de las pantallas en el bienestar de sus hijos.<\/li>\n<\/ul>\n\n\n\n<h3 class=\"wp-block-heading\"><strong>\u00bfQu\u00e9 opinan los docentes sobre la prohibici\u00f3n del celular?<\/strong><\/h3>\n\n\n\n<p>\u201cHoy el docente siente que no maneja la clase, sino que es el celular el que lo hace. Por eso, sentamos las bases de un protocolo para que el celular no sea un distractor y que los establecimientos puedan negociar las condiciones en las que se implemente\u201d, apunt\u00f3 el jefe de Gobierno porte\u00f1o, Jorge Macri.<\/p>\n\n\n\n<h3 class=\"wp-block-heading\"><strong>\u00bfC\u00f3mo ser\u00e1 la regulaci\u00f3n del uso del celular en las escuelas porte\u00f1as?<\/strong><\/h3>\n\n\n\n<ul class=\"wp-block-list\">\n<li>Nivel Inicial y Primaria:\n<ul class=\"wp-block-list\">\n<li>Los alumnos pueden llevar el celular a la escuela.<\/li>\n\n\n\n<li>No se podr\u00e1 usar en clase.<\/li>\n\n\n\n<li>No se podr\u00e1 usar durante los recreos.<\/li>\n<\/ul>\n<\/li>\n\n\n\n<li>Nivel Secundario:\n<ul class=\"wp-block-list\">\n<li>Los celulares deber\u00e1n estar guardados.<\/li>\n\n\n\n<li>No se podr\u00e1 utilizar en el sal\u00f3n, excepto si el docente lo requiere para una actividad planificada.<\/li>\n<\/ul>\n<\/li>\n\n\n\n<li>Restricciones adicionales:\n<ul class=\"wp-block-list\">\n<li>Cada colegio definir\u00e1 las restricciones durante los recreos y almuerzos.<\/li>\n<\/ul>\n<\/li>\n<\/ul>\n\n\n\n<h3 class=\"wp-block-heading\"><strong>\u00bfQu\u00e9 excepciones hay a esta norma a la prohibici\u00f3n del uso del celular?<\/strong><\/h3>\n\n\n\n<p>Aquellos estudiantes que requieran el uso de un dispositivo personal digital como apoyo para el aprendizaje estar\u00e1n exceptuados de esta medida.<\/p>\n\n\n\n<h3 class=\"wp-block-heading\"><strong>\u00bfQu\u00e9 recomendaciones se dan a los docentes y familias?<\/strong><\/h3>\n\n\n\n<p>Para los docentes, la resoluci\u00f3n ministerial recomienda el uso responsable del tel\u00e9fono. Adem\u00e1s, se repartir\u00e1 una gu\u00eda a cada familia con recomendaciones para reflexionar sobre el uso de tecnolog\u00edas en casa.<\/p>\n","protected":false},"excerpt":{"rendered":"<p>El Ministerio de Educaci\u00f3n de la Ciudad Aut\u00f3noma de Buenos Aires (CABA) anunci\u00f3 hoy que los alumnos de las escuelas primarias y secundarias porte\u00f1as no podr\u00e1n utilizar los&nbsp;tel\u00e9fonos celulares en clase para que los alumnos &#8220;se concentren&#8221; con los deberes.&nbsp; Desde la cartera educativa informaron que la medida tiene como finalidad limitar de forma absoluta [&hellip;]<\/p>\n","protected":false},"author":3,"featured_media":2810,"comment_status":"closed","ping_status":"closed","sticky":false,"template":"","format":"standard","meta":{"footnotes":""},"categories":[16],"tags":[651,315],"class_list":{"0":"post-2809","1":"post","2":"type-post","3":"status-publish","4":"format-standard","5":"has-post-thumbnail","7":"category-sociedad-mello-merlo","8":"tag-caba","9":"tag-educacion"},"_links":{"self":[{"href":"https:\/\/notiamba.com\/index.php\/wp-json\/wp\/v2\/posts\/2809","targetHints":{"allow":["GET"]}}],"collection":[{"href":"https:\/\/notiamba.com\/index.php\/wp-json\/wp\/v2\/posts"}],"about":[{"href":"https:\/\/notiamba.com\/index.php\/wp-json\/wp\/v2\/types\/post"}],"author":[{"embeddable":true,"href":"https:\/\/notiamba.com\/index.php\/wp-json\/wp\/v2\/users\/3"}],"replies":[{"embeddable":true,"href":"https:\/\/notiamba.com\/index.php\/wp-json\/wp\/v2\/comments?post=2809"}],"version-history":[{"count":1,"href":"https:\/\/notiamba.com\/index.php\/wp-json\/wp\/v2\/posts\/2809\/revisions"}],"predecessor-version":[{"id":2811,"href":"https:\/\/notiamba.com\/index.php\/wp-json\/wp\/v2\/posts\/2809\/revisions\/2811"}],"wp:featuredmedia":[{"embeddable":true,"href":"https:\/\/notiamba.com\/index.php\/wp-json\/wp\/v2\/media\/2810"}],"wp:attachment":[{"href":"https:\/\/notiamba.com\/index.php\/wp-json\/wp\/v2\/media?parent=2809"}],"wp:term":[{"taxonomy":"category","embeddable":true,"href":"https:\/\/notiamba.com\/index.php\/wp-json\/wp\/v2\/categories?post=2809"},{"taxonomy":"post_tag","embeddable":true,"href":"https:\/\/notiamba.com\/index.php\/wp-json\/wp\/v2\/tags?post=2809"}],"curies":[{"name":"wp","href":"https:\/\/api.w.org\/{rel}","templated":true}]}}