{"id":280,"date":"2020-11-27T12:56:36","date_gmt":"2020-11-27T12:56:36","guid":{"rendered":"http:\/\/notiamba.com\/?p=280"},"modified":"2023-11-14T15:16:35","modified_gmt":"2023-11-14T15:16:35","slug":"t-lauquen-el-intendente-recibio-a-padres-y-madres-de-ninas-y-ninos-abusados","status":"publish","type":"post","link":"https:\/\/notiamba.com\/index.php\/2020\/11\/27\/t-lauquen-el-intendente-recibio-a-padres-y-madres-de-ninas-y-ninos-abusados\/","title":{"rendered":"T. LAUQUEN: EL INTENDENTE RECIBI\u00d3 A PADRES Y MADRES DE NI\u00d1AS Y NI\u00d1OS ABUSADOS"},"content":{"rendered":"\n<p>El Intendente municipal, Miguel Fern\u00e1ndez, recibi\u00f3 ayer (martes) a un grupo de padres y madres de ni\u00f1as y ni\u00f1os abusados en representaci\u00f3n de numerosas familias de Trenque Lauquen que atraviesan o han atravesado esta dolorosa situaci\u00f3n y que d\u00edas pasados protagonizaron una manifestaci\u00f3n que incluy\u00f3 a diferentes organismos judiciales y municipales vinculados con la tem\u00e1tica.<\/p>\n\n\n\n<p>Del encuentro, que se desarroll\u00f3 en el despacho del Jefe comunal, tambi\u00e9n particip\u00f3 el secretario de Gobierno, Gustavo Marchabalo; la subsecretaria de Desarrollo Humano, Cristina Ferster; y el coordinador del Servicio Local de Promoci\u00f3n y Protecci\u00f3n de los derechos del NNyA, Lautaro Ferreyra.<\/p>\n\n\n\n<p>\u201cEstuvimos reunidos con los padres y madres (de ni\u00f1os abusados) conforme nos hab\u00edamos comprometido la semana pasada cuando llevaron a cabo la marcha\u201d, se\u00f1al\u00f3 Marchabalo, quien agreg\u00f3: \u201cEscuchamos la problem\u00e1tica general y nos pusimos a disposici\u00f3n de los padres y las madres para agilizar algunos mecanismos que est\u00e1n a nuestro alcance, por ejemplo la intervenci\u00f3n del Servicio Local y del servicio de Salud desde el \u00e1rea de atenci\u00f3n psicol\u00f3gica a los chicos que son v\u00edctimas de este delito\u201d.<\/p>\n\n\n\n<p>Adem\u00e1s Marchabalo se\u00f1al\u00f3 que \u201ctambi\u00e9n nos pusimos a disposici\u00f3n del grupo para intentar agilizar el camino hacia la conformaci\u00f3n de una comisi\u00f3n de padres con personer\u00eda jur\u00eddica no s\u00f3lo para una mejor organizaci\u00f3n de ellos\/as, sino tambi\u00e9n para poder participar en distintos espacios, como por ejemplo la Mesa de Violencia o la posibilidad de presentarse en forma particular en las causas judiciales para requerir el impulso de las mismas\u201d.<\/p>\n\n\n\n<p>\u201cFue una reuni\u00f3n fruct\u00edfera en el marco del respeto como exige la tem\u00e1tica, quedamos en reunirnos en un tiempo para ver c\u00f3mo avanzan las distintas gestiones y ya estamos trabajando en algunas de las cosas en las que nos comprometimos\u201d, coment\u00f3 el funcionario.<\/p>\n\n\n\n<p>Acerca de la problem\u00e1tica Marchabalo consider\u00f3 que \u201ces muy dif\u00edcil la situaci\u00f3n que les toca pasar, una parte fundamental de todo esto es poner la oreja, es poder estar y escuchar, y encontrar un espacio donde ellas\/os tengan donde expresarse y recurrir\u201d.<\/p>\n\n\n\n<p>El secretario de Gobierno sostuvo que \u201cnosotros, como municipalidad, nos ponemos a disposici\u00f3n de toda esa gente que no tiene un acceso sencillo a la justicia y tratamos de ser un puente para facilitarles el camino desde el lugar que podemos\u201d.<\/p>\n\n\n\n<p>\u201cQueremos agradecer la convocatoria del Intendente en respuesta a nuestra manifestaci\u00f3n, nos organizamos y pudimos venir algunos de los representantes de la agrupaci\u00f3n para cumplir con los protocolos correspondientes\u201d, coment\u00f3 hoy (martes) Lorena Campelo, una de las madres autoconvocadas.<\/p>\n\n\n\n<p>\u201cLa reuni\u00f3n fue sumamente positiva, hubo un compromiso del Ejecutivo municipal y en principio en el transcurso de un mes vamos a tener reuniones con personal del servicio de Salud, del SAMCI (Centro de Salud Mental Comunitaria Infantil) y oficina de Violencia de G\u00e9nero para ver de qu\u00e9 manera podemos articular la asistencia a la v\u00edctima\u201d, dijo la madre.<\/p>\n\n\n\n<p>Adem\u00e1s la referente del grupo de padres adelant\u00f3 que durante este tiempo y con el apoyo del Intendente y del secretario de Gobierno, \u201cvamos a recabar toda la informaci\u00f3n que necesitamos para constituirnos como instituci\u00f3n con personer\u00eda jur\u00eddica porque, como dijimos en la manifestaci\u00f3n, \u00e9ste es un camino que empieza y que iniciamos no solo por nuestros hijos y nuestras hijas sino tambi\u00e9n para transformar esto en un sistema que empiece a acompa\u00f1ar y a dar las respuestas que corresponden\u201d.<\/p>\n\n\n\n<p>Por otro lado rescat\u00f3 el compromiso asumido por el intendente Fern\u00e1ndez de \u201ccontactarse con alg\u00fan legislador que pueda escuchar nuestro pedido y a mediano o largo plazo impulsar alguna ley en donde se puedan modificar las cuestiones relacionadas con las penas (al abusador)\u201d.<\/p>\n\n\n\n<p>Campelo agradeci\u00f3 a los funcionarios por el recibimiento y dijo que \u201cahora resta esperar la pr\u00f3xima reuni\u00f3n, que se realizar\u00e1 en un mes aproximadamente con el equipo municipal\u201d, para destacar que \u201cel Ejecutivo municipal junto con el Fiscal General (Dr. Roberto Rubio) fueron las \u00faltimas personas, representantes del Estado, que nos han citado y esperamos el llamado del resto de las instituciones donde golpeamos puertas\u201d.<\/p>\n\n\n\n<p><\/p>\n","protected":false},"excerpt":{"rendered":"<p>El Intendente municipal, Miguel Fern\u00e1ndez, recibi\u00f3 ayer (martes) a un grupo de padres y madres de ni\u00f1as y ni\u00f1os abusados en representaci\u00f3n de numerosas familias de Trenque Lauquen que atraviesan o han atravesado esta dolorosa situaci\u00f3n y que d\u00edas pasados protagonizaron una manifestaci\u00f3n que incluy\u00f3 a diferentes organismos judiciales y municipales vinculados con la tem\u00e1tica. [&hellip;]<\/p>\n","protected":false},"author":1,"featured_media":281,"comment_status":"closed","ping_status":"closed","sticky":false,"template":"","format":"standard","meta":{"footnotes":""},"categories":[12],"tags":[],"class_list":{"0":"post-280","1":"post","2":"type-post","3":"status-publish","4":"format-standard","5":"has-post-thumbnail","7":"category-politica-merlo"},"_links":{"self":[{"href":"https:\/\/notiamba.com\/index.php\/wp-json\/wp\/v2\/posts\/280","targetHints":{"allow":["GET"]}}],"collection":[{"href":"https:\/\/notiamba.com\/index.php\/wp-json\/wp\/v2\/posts"}],"about":[{"href":"https:\/\/notiamba.com\/index.php\/wp-json\/wp\/v2\/types\/post"}],"author":[{"embeddable":true,"href":"https:\/\/notiamba.com\/index.php\/wp-json\/wp\/v2\/users\/1"}],"replies":[{"embeddable":true,"href":"https:\/\/notiamba.com\/index.php\/wp-json\/wp\/v2\/comments?post=280"}],"version-history":[{"count":1,"href":"https:\/\/notiamba.com\/index.php\/wp-json\/wp\/v2\/posts\/280\/revisions"}],"predecessor-version":[{"id":282,"href":"https:\/\/notiamba.com\/index.php\/wp-json\/wp\/v2\/posts\/280\/revisions\/282"}],"wp:featuredmedia":[{"embeddable":true,"href":"https:\/\/notiamba.com\/index.php\/wp-json\/wp\/v2\/media\/281"}],"wp:attachment":[{"href":"https:\/\/notiamba.com\/index.php\/wp-json\/wp\/v2\/media?parent=280"}],"wp:term":[{"taxonomy":"category","embeddable":true,"href":"https:\/\/notiamba.com\/index.php\/wp-json\/wp\/v2\/categories?post=280"},{"taxonomy":"post_tag","embeddable":true,"href":"https:\/\/notiamba.com\/index.php\/wp-json\/wp\/v2\/tags?post=280"}],"curies":[{"name":"wp","href":"https:\/\/api.w.org\/{rel}","templated":true}]}}