{"id":26,"date":"2020-08-31T14:46:23","date_gmt":"2020-08-31T14:46:23","guid":{"rendered":"http:\/\/notiamba.com\/?p=26"},"modified":"2023-11-14T14:57:38","modified_gmt":"2023-11-14T14:57:38","slug":"vuelve-la-semana-del-libro","status":"publish","type":"post","link":"https:\/\/notiamba.com\/index.php\/2020\/08\/31\/vuelve-la-semana-del-libro\/","title":{"rendered":"VUELVE LA SEMANA DEL LIBRO"},"content":{"rendered":"\n<p>Por tercer a\u00f1o consecutivo, bajo la consigna \u201cCompart\u00ed un libro\u201d, se lleva adelante esta acci\u00f3n cultural destinada a la difusi\u00f3n del libro, la lectura y la bibliodiversidad y se invita a las editoriales, docentes y lectores a conversar sobre libros, recomendar lecturas y visitar con los ni\u00f1os las librer\u00edas de sus barrios.<\/p>\n\n\n\n<p>Desde este lunes, hasta el domingo 6 de septiembre se llevar\u00e1 adelante la semana del libro en las redes sociales y en las librer\u00edas, impulsada por la C\u00e1mara Argentina del Libro, con el objetivo de poner a la lectura y al libro infantil y juvenil en el centro de la escena en un contexto cr\u00edtico para el sector editorial.<\/p>\n\n\n\n<p>Las actividades se llevan adelante en la b\u00fasqueda de dar protagonismo a las librer\u00edas, uno de los sectores m\u00e1s afectados por las medidas sanitaria y claves en la difusi\u00f3n y promoci\u00f3n de los libros, por lo que, quienes visiten las librer\u00edas adheridas y nombren la Semana del libro o bien participen con consignas como sacarse una foto en el frente de la librer\u00eda y etiquetarla en las redes, regalarle a la librer\u00eda un dibujo o disfrazarse de alg\u00fan personaje, recibir\u00e1n un descuento del 10% de descuento en las compras.<\/p>\n\n\n\n<p>Entre las actividades se encuentra, adem\u00e1s, ingresando en la web&nbsp;<a href=\"http:\/\/www.editores.org.ar\/semanadellibro\">www.editores.org.ar\/semanadellibro<\/a>&nbsp; cuadernillos para docentes de niveles inicial, primario y secundario, con gran cantidad y variedad de juegos y propuestas did\u00e1cticas que incorporan la lectura y los libros de forma creativa. Adem\u00e1s, en el perfil de YouTube de la C\u00e1mara Argentina del Libro se podr\u00e1 acceder a videos de autores, m\u00fasicos, editores y mediadores culturales destinados a todo p\u00fablico.<\/p>\n","protected":false},"excerpt":{"rendered":"<p>Por tercer a\u00f1o consecutivo, bajo la consigna \u201cCompart\u00ed un libro\u201d, se lleva adelante esta acci\u00f3n cultural destinada a la difusi\u00f3n del libro, la lectura y la bibliodiversidad y se invita a las editoriales, docentes y lectores a conversar sobre libros, recomendar lecturas y visitar con los ni\u00f1os las librer\u00edas de sus barrios. Desde este lunes, [&hellip;]<\/p>\n","protected":false},"author":1,"featured_media":27,"comment_status":"closed","ping_status":"closed","sticky":false,"template":"","format":"standard","meta":{"footnotes":""},"categories":[26],"tags":[],"class_list":{"0":"post-26","1":"post","2":"type-post","3":"status-publish","4":"format-standard","5":"has-post-thumbnail","7":"category-cultura-merlo"},"_links":{"self":[{"href":"https:\/\/notiamba.com\/index.php\/wp-json\/wp\/v2\/posts\/26","targetHints":{"allow":["GET"]}}],"collection":[{"href":"https:\/\/notiamba.com\/index.php\/wp-json\/wp\/v2\/posts"}],"about":[{"href":"https:\/\/notiamba.com\/index.php\/wp-json\/wp\/v2\/types\/post"}],"author":[{"embeddable":true,"href":"https:\/\/notiamba.com\/index.php\/wp-json\/wp\/v2\/users\/1"}],"replies":[{"embeddable":true,"href":"https:\/\/notiamba.com\/index.php\/wp-json\/wp\/v2\/comments?post=26"}],"version-history":[{"count":1,"href":"https:\/\/notiamba.com\/index.php\/wp-json\/wp\/v2\/posts\/26\/revisions"}],"predecessor-version":[{"id":28,"href":"https:\/\/notiamba.com\/index.php\/wp-json\/wp\/v2\/posts\/26\/revisions\/28"}],"wp:featuredmedia":[{"embeddable":true,"href":"https:\/\/notiamba.com\/index.php\/wp-json\/wp\/v2\/media\/27"}],"wp:attachment":[{"href":"https:\/\/notiamba.com\/index.php\/wp-json\/wp\/v2\/media?parent=26"}],"wp:term":[{"taxonomy":"category","embeddable":true,"href":"https:\/\/notiamba.com\/index.php\/wp-json\/wp\/v2\/categories?post=26"},{"taxonomy":"post_tag","embeddable":true,"href":"https:\/\/notiamba.com\/index.php\/wp-json\/wp\/v2\/tags?post=26"}],"curies":[{"name":"wp","href":"https:\/\/api.w.org\/{rel}","templated":true}]}}