{"id":248,"date":"2020-11-27T12:10:20","date_gmt":"2020-11-27T12:10:20","guid":{"rendered":"http:\/\/notiamba.com\/?p=248"},"modified":"2023-11-14T15:19:29","modified_gmt":"2023-11-14T15:19:29","slug":"moreno-lanzaron-la-secretaria-de-mujeres-generos-y-diversidades","status":"publish","type":"post","link":"https:\/\/notiamba.com\/index.php\/2020\/11\/27\/moreno-lanzaron-la-secretaria-de-mujeres-generos-y-diversidades\/","title":{"rendered":"MORENO: LANZARON LA SECRETAR\u00cdA DE MUJERES, G\u00c9NEROS Y DIVERSIDADES"},"content":{"rendered":"\n<p>En el marco del d\u00eda de la Eliminaci\u00f3n de la Violencia contra la Mujer, la Intendenta de Moreno, Mariel Fern\u00e1ndez, anunci\u00f3 la creaci\u00f3n de la Secretar\u00eda de Mujeres, G\u00e9neros y Diversidades de Moreno junto a funcionarias y funcionarios municipales, provinciales y nacionales.<\/p>\n\n\n\n<p>Lis D\u00edaz, la flamante funcionaria a cargo de la nueva secretar\u00eda, subray\u00f3 que: \u201cVamos a potenciar el trabajo que ya se est\u00e1 haciendo con mucho compromiso. Por un lado, vamos a trabajar en el \u00e1rea de asistencia y acompa\u00f1amiento a las mujeres, a trav\u00e9s de un \u00e1rea de casos cr\u00edticos y prontamente vamos a inaugurar el primer refugio para mujeres municipal; y por otro lado tendremos el \u00e1rea de prevenci\u00f3n y promoci\u00f3n de derechos, donde vamos a trabajar con las promotoras, las masculinidades y la visibilizaci\u00f3n de las tareas de cuidado\u201d y agreg\u00f3: \u201cSomos una gesti\u00f3n que tiene como prioridad a las mujeres, a las diversidades y a los m\u00e1s humildes. Queremos transformar la vida de todas las y los morenenses.\u201d<\/p>\n\n\n\n<p>La Subsecretaria de Pol\u00edticas contra la Violencia por Razones de G\u00e9neros, Flavia Delma se\u00f1al\u00f3 que \u201cFelicitamos a la Intendenta Mariel Fern\u00e1ndez y a todas las compa\u00f1eras que llevan desde el principio una comprometida lucha contra la violencia de g\u00e9nero. El mensaje es claro, lo dice nuestro Gobernador, hay que despatriarcalizar el Estado\u201d y complet\u00f3: \u201cEsto no es un punto de llegada, es un lugar de partida para llevar adelante las transformaciones que la sociedad necesita\u201d.<\/p>\n\n\n\n<p>Para finalizar, Mariel Fern\u00e1ndez asegur\u00f3 que \u201cEs un orgullo muy grande crear esta Secretar\u00eda porque saldamos una deuda que ten\u00eda Moreno, gracias al trabajo sistem\u00e1tico e incansable de muchas compa\u00f1eras, que est\u00e1n hoy aqu\u00ed presentes, por los derechos de las mujeres. Seguimos luchando tambi\u00e9n en la pol\u00edtica porque nuestra voz, la voz de las mujeres, no puede ser representada por los hombres. Le agradezco mucho al Ministerio de la Mujer de la Naci\u00f3n y, principalmente, al ministerio de la Provincia.\u201d<\/p>\n","protected":false},"excerpt":{"rendered":"<p>En el marco del d\u00eda de la Eliminaci\u00f3n de la Violencia contra la Mujer, la Intendenta de Moreno, Mariel Fern\u00e1ndez, anunci\u00f3 la creaci\u00f3n de la Secretar\u00eda de Mujeres, G\u00e9neros y Diversidades de Moreno junto a funcionarias y funcionarios municipales, provinciales y nacionales. Lis D\u00edaz, la flamante funcionaria a cargo de la nueva secretar\u00eda, subray\u00f3 que: [&hellip;]<\/p>\n","protected":false},"author":1,"featured_media":249,"comment_status":"closed","ping_status":"closed","sticky":false,"template":"","format":"standard","meta":{"footnotes":""},"categories":[15],"tags":[31],"class_list":{"0":"post-248","1":"post","2":"type-post","3":"status-publish","4":"format-standard","5":"has-post-thumbnail","7":"category-sociedad-mello","8":"tag-moreno"},"_links":{"self":[{"href":"https:\/\/notiamba.com\/index.php\/wp-json\/wp\/v2\/posts\/248","targetHints":{"allow":["GET"]}}],"collection":[{"href":"https:\/\/notiamba.com\/index.php\/wp-json\/wp\/v2\/posts"}],"about":[{"href":"https:\/\/notiamba.com\/index.php\/wp-json\/wp\/v2\/types\/post"}],"author":[{"embeddable":true,"href":"https:\/\/notiamba.com\/index.php\/wp-json\/wp\/v2\/users\/1"}],"replies":[{"embeddable":true,"href":"https:\/\/notiamba.com\/index.php\/wp-json\/wp\/v2\/comments?post=248"}],"version-history":[{"count":1,"href":"https:\/\/notiamba.com\/index.php\/wp-json\/wp\/v2\/posts\/248\/revisions"}],"predecessor-version":[{"id":250,"href":"https:\/\/notiamba.com\/index.php\/wp-json\/wp\/v2\/posts\/248\/revisions\/250"}],"wp:featuredmedia":[{"embeddable":true,"href":"https:\/\/notiamba.com\/index.php\/wp-json\/wp\/v2\/media\/249"}],"wp:attachment":[{"href":"https:\/\/notiamba.com\/index.php\/wp-json\/wp\/v2\/media?parent=248"}],"wp:term":[{"taxonomy":"category","embeddable":true,"href":"https:\/\/notiamba.com\/index.php\/wp-json\/wp\/v2\/categories?post=248"},{"taxonomy":"post_tag","embeddable":true,"href":"https:\/\/notiamba.com\/index.php\/wp-json\/wp\/v2\/tags?post=248"}],"curies":[{"name":"wp","href":"https:\/\/api.w.org\/{rel}","templated":true}]}}