{"id":2275,"date":"2024-05-07T10:33:05","date_gmt":"2024-05-07T13:33:05","guid":{"rendered":"https:\/\/notiamba.com\/?p=2275"},"modified":"2024-05-07T10:33:06","modified_gmt":"2024-05-07T13:33:06","slug":"natalicio-de-eva-peron","status":"publish","type":"post","link":"https:\/\/notiamba.com\/index.php\/2024\/05\/07\/natalicio-de-eva-peron\/","title":{"rendered":"NATALICIO DE EVA PER\u00d3N"},"content":{"rendered":"\n<p>El 7 de mayo de 1919 naci\u00f3 Mar\u00eda Eva Duarte de Per\u00f3n, en los Toldos, provincia de Buenos Aires. Se cumplieron 105 a\u00f1os del natalicio de una de las mujeres m\u00e1s influyentes de la historia que supo ver el territorio argentino y por esto mismo su legado contin\u00faa presente en cada trabajador porque\u00a0\u00abdonde hay una necesidad nace un derecho\u201d.<\/p>\n\n\n\n<p>Una Eva joven lleg\u00f3 la parte m\u00e1s poblada de Buenos Aires con el objetivo de buscar nuevas oportunidades laborales ya que era destacada por ser una muy buena actriz. Su sue\u00f1o, desde peque\u00f1a, siempre fue ser reconodida en el \u00e1mbito art\u00edstico pero la fama le lleg\u00f3 por otro lado y s\u00ed que la logr\u00f3 a nivel global.<\/p>\n\n\n\n<figure class=\"wp-block-image size-large\"><img loading=\"lazy\" decoding=\"async\" width=\"1024\" height=\"576\" src=\"https:\/\/notiamba.com\/wp-content\/uploads\/2024\/05\/image-3-1024x576.png\" alt=\"\" class=\"wp-image-2276\" srcset=\"https:\/\/notiamba.com\/wp-content\/uploads\/2024\/05\/image-3-1024x576.png 1024w, https:\/\/notiamba.com\/wp-content\/uploads\/2024\/05\/image-3-300x169.png 300w, https:\/\/notiamba.com\/wp-content\/uploads\/2024\/05\/image-3-768x432.png 768w, https:\/\/notiamba.com\/wp-content\/uploads\/2024\/05\/image-3-1536x864.png 1536w, https:\/\/notiamba.com\/wp-content\/uploads\/2024\/05\/image-3-150x84.png 150w, https:\/\/notiamba.com\/wp-content\/uploads\/2024\/05\/image-3-696x392.png 696w, https:\/\/notiamba.com\/wp-content\/uploads\/2024\/05\/image-3-1068x601.png 1068w, https:\/\/notiamba.com\/wp-content\/uploads\/2024\/05\/image-3.png 1920w\" sizes=\"auto, (max-width: 1024px) 100vw, 1024px\" \/><\/figure>\n\n\n\n<p>A\u00f1os despu\u00e9s conoci\u00f3 a Juan Domingo Per\u00f3n, se enamoraron y conformaron una poderosa pareja pol\u00edtica. Eva cumpli\u00f3 el rol m\u00e1s activo en la campa\u00f1a electoral de Per\u00f3n y m\u00e1s tarde en la promoci\u00f3n de los derechos de las mujeres y los trabajadores.<\/p>\n\n\n\n<p>Hasta el d\u00eda de hoy, su nombre contin\u00faa en la memoria de los argentinos porque a base de insistencia, lucha y valent\u00eda le otorg\u00f3 una vida digna a los trabajadores que en ese momento sufr\u00edan el desprecio y atrocidades de la oligarqu\u00eda empoderada.<\/p>\n\n\n\n<p>Enfrent\u00f3 a los poderosos, pele\u00f3 contra ellos y le gan\u00f3 miles de batallas pero el 26 de julio de 1952 muri\u00f3, a los 33 a\u00f1os, tras padecer una enfermedad terminal. \u00abEva no muri\u00f3\u00bb, \u00abEva vive en el pueblo\u00bb, \u00abSanta Eva\u00bb, \u00abEvita est\u00e1 en cada trabajador y cada trabajadora\u00bb, son algunas de las frases que dicen sus seguidores. Y tienen raz\u00f3n, Eva no muri\u00f3 porque est\u00e1 en cada nuevo derecho y hoy m\u00e1s que nunca, por los tiempos dif\u00edciles que transitamos, hay que rendirle homenaje hasta en lugar m\u00e1s rec\u00f3ndito del pa\u00eds.<\/p>\n","protected":false},"excerpt":{"rendered":"<p>El 7 de mayo de 1919 naci\u00f3 Mar\u00eda Eva Duarte de Per\u00f3n, en los Toldos, provincia de Buenos Aires. Se cumplieron 105 a\u00f1os del natalicio de una de las mujeres m\u00e1s influyentes de la historia que supo ver el territorio argentino y por esto mismo su legado contin\u00faa presente en cada trabajador porque\u00a0\u00abdonde hay una [&hellip;]<\/p>\n","protected":false},"author":3,"featured_media":2277,"comment_status":"closed","ping_status":"closed","sticky":false,"template":"","format":"standard","meta":{"footnotes":""},"categories":[16],"tags":[522,521],"class_list":{"0":"post-2275","1":"post","2":"type-post","3":"status-publish","4":"format-standard","5":"has-post-thumbnail","7":"category-sociedad-mello-merlo","8":"tag-eva-duarte-de-peron","9":"tag-eva-peron"},"_links":{"self":[{"href":"https:\/\/notiamba.com\/index.php\/wp-json\/wp\/v2\/posts\/2275","targetHints":{"allow":["GET"]}}],"collection":[{"href":"https:\/\/notiamba.com\/index.php\/wp-json\/wp\/v2\/posts"}],"about":[{"href":"https:\/\/notiamba.com\/index.php\/wp-json\/wp\/v2\/types\/post"}],"author":[{"embeddable":true,"href":"https:\/\/notiamba.com\/index.php\/wp-json\/wp\/v2\/users\/3"}],"replies":[{"embeddable":true,"href":"https:\/\/notiamba.com\/index.php\/wp-json\/wp\/v2\/comments?post=2275"}],"version-history":[{"count":1,"href":"https:\/\/notiamba.com\/index.php\/wp-json\/wp\/v2\/posts\/2275\/revisions"}],"predecessor-version":[{"id":2278,"href":"https:\/\/notiamba.com\/index.php\/wp-json\/wp\/v2\/posts\/2275\/revisions\/2278"}],"wp:featuredmedia":[{"embeddable":true,"href":"https:\/\/notiamba.com\/index.php\/wp-json\/wp\/v2\/media\/2277"}],"wp:attachment":[{"href":"https:\/\/notiamba.com\/index.php\/wp-json\/wp\/v2\/media?parent=2275"}],"wp:term":[{"taxonomy":"category","embeddable":true,"href":"https:\/\/notiamba.com\/index.php\/wp-json\/wp\/v2\/categories?post=2275"},{"taxonomy":"post_tag","embeddable":true,"href":"https:\/\/notiamba.com\/index.php\/wp-json\/wp\/v2\/tags?post=2275"}],"curies":[{"name":"wp","href":"https:\/\/api.w.org\/{rel}","templated":true}]}}