{"id":1799,"date":"2024-01-19T17:31:23","date_gmt":"2024-01-19T20:31:23","guid":{"rendered":"https:\/\/notiamba.com\/?p=1799"},"modified":"2024-01-19T17:31:24","modified_gmt":"2024-01-19T20:31:24","slug":"exito-de-las-colonias-de-verano-en-merlo","status":"publish","type":"post","link":"https:\/\/notiamba.com\/index.php\/2024\/01\/19\/exito-de-las-colonias-de-verano-en-merlo\/","title":{"rendered":"\u00c9XITO DE LAS COLONIAS DE VERANO EN MERLO"},"content":{"rendered":"\n<h2 class=\"wp-block-heading\"><strong>Finaliz\u00f3 otra semana de \u201cColonias de Verano 2024\u201d en Merlo. En esta oportunidad, ni\u00f1os y ni\u00f1as de 5 a 12 a\u00f1os disfrutaron del cierre semanal de actividades en el predio El Remanso, a cargo del Gobierno Municipal.<\/strong><\/h2>\n\n\n\n<p>M\u00e1s de <strong>60 chicos y chicas accedieron de manera libre y gratuita<\/strong> a las instalaciones del Predio El Remando, ubicado en Parque San Mart\u00edn.<\/p>\n\n\n\n<h3 class=\"wp-block-heading\">All\u00ed los m\u00e1s chicos participan de <strong>clases de nataci\u00f3n, f\u00fatbol y talleres coordinados por docentes de la <a href=\"https:\/\/www.merlo.gob.ar\/secretariaeducacionydeportes\/\">Subsecretar\u00eda de Deportes de Merlo<\/a><\/strong>. Adem\u00e1s, cada viernes realizan un cierre de semana con actividades recreativas y deportivas especiales.<\/h3>\n\n\n\n<figure class=\"wp-block-gallery has-nested-images columns-default is-cropped wp-block-gallery-1 is-layout-flex wp-block-gallery-is-layout-flex\">\n<figure class=\"wp-block-image size-large\"><img loading=\"lazy\" decoding=\"async\" width=\"1024\" height=\"576\" data-id=\"1801\" src=\"https:\/\/notiamba.com\/wp-content\/uploads\/2024\/01\/colonias-barrial-5-1024x576.jpg\" alt=\"\" class=\"wp-image-1801\" srcset=\"https:\/\/notiamba.com\/wp-content\/uploads\/2024\/01\/colonias-barrial-5-1024x576.jpg 1024w, https:\/\/notiamba.com\/wp-content\/uploads\/2024\/01\/colonias-barrial-5-300x169.jpg 300w, https:\/\/notiamba.com\/wp-content\/uploads\/2024\/01\/colonias-barrial-5-768x432.jpg 768w, https:\/\/notiamba.com\/wp-content\/uploads\/2024\/01\/colonias-barrial-5-150x84.jpg 150w, https:\/\/notiamba.com\/wp-content\/uploads\/2024\/01\/colonias-barrial-5-696x392.jpg 696w, https:\/\/notiamba.com\/wp-content\/uploads\/2024\/01\/colonias-barrial-5-1068x601.jpg 1068w, https:\/\/notiamba.com\/wp-content\/uploads\/2024\/01\/colonias-barrial-5.jpg 1080w\" sizes=\"auto, (max-width: 1024px) 100vw, 1024px\" \/><\/figure>\n\n\n\n<figure class=\"wp-block-image size-large\"><img loading=\"lazy\" decoding=\"async\" width=\"1024\" height=\"576\" data-id=\"1800\" src=\"https:\/\/notiamba.com\/wp-content\/uploads\/2024\/01\/colonias-barrial-6-1024x576.jpg\" alt=\"\" class=\"wp-image-1800\" srcset=\"https:\/\/notiamba.com\/wp-content\/uploads\/2024\/01\/colonias-barrial-6-1024x576.jpg 1024w, https:\/\/notiamba.com\/wp-content\/uploads\/2024\/01\/colonias-barrial-6-300x169.jpg 300w, https:\/\/notiamba.com\/wp-content\/uploads\/2024\/01\/colonias-barrial-6-768x432.jpg 768w, https:\/\/notiamba.com\/wp-content\/uploads\/2024\/01\/colonias-barrial-6-150x84.jpg 150w, https:\/\/notiamba.com\/wp-content\/uploads\/2024\/01\/colonias-barrial-6-696x392.jpg 696w, https:\/\/notiamba.com\/wp-content\/uploads\/2024\/01\/colonias-barrial-6-1068x601.jpg 1068w, https:\/\/notiamba.com\/wp-content\/uploads\/2024\/01\/colonias-barrial-6.jpg 1080w\" sizes=\"auto, (max-width: 1024px) 100vw, 1024px\" \/><\/figure>\n<\/figure>\n\n\n\n<p>Durante el mes de enero y febrero, se llevan a cabo en el Club Argentino de Merlo, Predio de Asimra y El Remanso, entre otros, la <strong>Colonia para adultos mayores, para personas con discapacidad y ni\u00f1os<\/strong>. Se dividen en diferentes contingentes y cuentan con actividades educativas, deportivas y recreativas que acompa\u00f1en el receso escolar.<\/p>\n\n\n\n<p><strong><em>\u201cSin la iniciativa del Intendente Gustavo Men\u00e9ndez y su apoyo a las pol\u00edticas deportivas que propone la subsecretar\u00eda, esto no se podr\u00eda dar en el distrito\u201d,<\/em><\/strong> expres\u00f3 durante la jornada de cierre semanal el subsecretario de Deportes, Mauro Schmahl.<\/p>\n","protected":false},"excerpt":{"rendered":"<p>Finaliz\u00f3 otra semana de \u201cColonias de Verano 2024\u201d en Merlo. En esta oportunidad, ni\u00f1os y ni\u00f1as de 5 a 12 a\u00f1os disfrutaron del cierre semanal de actividades en el predio El Remanso, a cargo del Gobierno Municipal.<\/p>\n","protected":false},"author":3,"featured_media":1802,"comment_status":"closed","ping_status":"closed","sticky":false,"template":"","format":"standard","meta":{"footnotes":""},"categories":[23],"tags":[206,207,205,192,43],"class_list":{"0":"post-1799","1":"post","2":"type-post","3":"status-publish","4":"format-standard","5":"has-post-thumbnail","7":"category-deportes-merlo","8":"tag-colonias-de-verano","9":"tag-deportes-y-recreacion","10":"tag-el-remanso","11":"tag-gustavo-menendez-2","12":"tag-merlo"},"_links":{"self":[{"href":"https:\/\/notiamba.com\/index.php\/wp-json\/wp\/v2\/posts\/1799","targetHints":{"allow":["GET"]}}],"collection":[{"href":"https:\/\/notiamba.com\/index.php\/wp-json\/wp\/v2\/posts"}],"about":[{"href":"https:\/\/notiamba.com\/index.php\/wp-json\/wp\/v2\/types\/post"}],"author":[{"embeddable":true,"href":"https:\/\/notiamba.com\/index.php\/wp-json\/wp\/v2\/users\/3"}],"replies":[{"embeddable":true,"href":"https:\/\/notiamba.com\/index.php\/wp-json\/wp\/v2\/comments?post=1799"}],"version-history":[{"count":1,"href":"https:\/\/notiamba.com\/index.php\/wp-json\/wp\/v2\/posts\/1799\/revisions"}],"predecessor-version":[{"id":1803,"href":"https:\/\/notiamba.com\/index.php\/wp-json\/wp\/v2\/posts\/1799\/revisions\/1803"}],"wp:featuredmedia":[{"embeddable":true,"href":"https:\/\/notiamba.com\/index.php\/wp-json\/wp\/v2\/media\/1802"}],"wp:attachment":[{"href":"https:\/\/notiamba.com\/index.php\/wp-json\/wp\/v2\/media?parent=1799"}],"wp:term":[{"taxonomy":"category","embeddable":true,"href":"https:\/\/notiamba.com\/index.php\/wp-json\/wp\/v2\/categories?post=1799"},{"taxonomy":"post_tag","embeddable":true,"href":"https:\/\/notiamba.com\/index.php\/wp-json\/wp\/v2\/tags?post=1799"}],"curies":[{"name":"wp","href":"https:\/\/api.w.org\/{rel}","templated":true}]}}