{"id":1315,"date":"2023-10-05T22:50:17","date_gmt":"2023-10-05T22:50:17","guid":{"rendered":"https:\/\/notiamba.com\/?p=1315"},"modified":"2023-11-14T14:53:26","modified_gmt":"2023-11-14T14:53:26","slug":"avanzan-las-obras-de-la-autopista-presidente-peron","status":"publish","type":"post","link":"https:\/\/notiamba.com\/index.php\/2023\/10\/05\/avanzan-las-obras-de-la-autopista-presidente-peron\/","title":{"rendered":"AVANZAN LAS OBRAS DE LA AUTOPISTA PRESIDENTE PER\u00d3N"},"content":{"rendered":"\n<p>Luego de que se inaugurara el primer tramo de 22 kil\u00f3metros, contin\u00faan las obras en la Autopista Presidente Per\u00f3n, en el tramo que conecta al partido de Merlo.<\/p>\n\n\n\n<p>El Municipio de Merlo, mediante la Secretar\u00eda de Obras y Servicios P\u00fablicos,&nbsp;<strong>avanza con las obras de la Autopista Presidente Per\u00f3n<\/strong>: lleva adelante la renovaci\u00f3n de la Avenida Uni\u00f3n que conecta el centro de la localidad de Pontevedra con el trazado nuevo.<\/p>\n\n\n\n<p>Son varias las puestas en valor que realiza el municipio:<strong>\u00a0la renovaci\u00f3n de veredas, paradas de colectivos, se\u00f1alizaciones, luces de LED y c\u00e1maras de seguridad<\/strong>, que brindar\u00e1 un salto de calidad en la infraestructura para los vecinos de la zona.<\/p>\n\n\n\n<p>A su vez, estuvo presente, en el avance de las obras de la Autopista Presidente Per\u00f3n, el intendente del partido, Gustavo Men\u00e9ndez, donde sostuvo que&nbsp;<strong>\u201cesto tiene que ver con la idea que tenemos de cambiar la matriz econ\u00f3mica de Merlo, que deje de ser una ciudad dormitorio y pase a ser una ciudad mucho m\u00e1s productiva\u201d<\/strong>.<\/p>\n\n\n\n<p>No solo eso, sino que el Jefe Comunal del distrito resalt\u00f3 que, tras la inauguraci\u00f3n de la Autopista Presidente Per\u00f3n,<strong>&nbsp;\u201cMerlo se va a transformar, con much\u00edsimo potencial para la recepci\u00f3n de inversiones. Esta zona va a tener un empuje incre\u00edble, un desarrollo incre\u00edble y tenemos que estar preparados para eso\u201d<\/strong>.<\/p>\n","protected":false},"excerpt":{"rendered":"<p>Luego de que se inaugurara el primer tramo de 22 kil\u00f3metros, contin\u00faan las obras en la Autopista Presidente Per\u00f3n, en el tramo que conecta al partido de Merlo. El Municipio de Merlo, mediante la Secretar\u00eda de Obras y Servicios P\u00fablicos,&nbsp;avanza con las obras de la Autopista Presidente Per\u00f3n: lleva adelante la renovaci\u00f3n de la Avenida [&hellip;]<\/p>\n","protected":false},"author":1,"featured_media":1316,"comment_status":"closed","ping_status":"closed","sticky":false,"template":"","format":"standard","meta":{"footnotes":""},"categories":[15],"tags":[],"class_list":{"0":"post-1315","1":"post","2":"type-post","3":"status-publish","4":"format-standard","5":"has-post-thumbnail","7":"category-sociedad-mello"},"_links":{"self":[{"href":"https:\/\/notiamba.com\/index.php\/wp-json\/wp\/v2\/posts\/1315","targetHints":{"allow":["GET"]}}],"collection":[{"href":"https:\/\/notiamba.com\/index.php\/wp-json\/wp\/v2\/posts"}],"about":[{"href":"https:\/\/notiamba.com\/index.php\/wp-json\/wp\/v2\/types\/post"}],"author":[{"embeddable":true,"href":"https:\/\/notiamba.com\/index.php\/wp-json\/wp\/v2\/users\/1"}],"replies":[{"embeddable":true,"href":"https:\/\/notiamba.com\/index.php\/wp-json\/wp\/v2\/comments?post=1315"}],"version-history":[{"count":1,"href":"https:\/\/notiamba.com\/index.php\/wp-json\/wp\/v2\/posts\/1315\/revisions"}],"predecessor-version":[{"id":1317,"href":"https:\/\/notiamba.com\/index.php\/wp-json\/wp\/v2\/posts\/1315\/revisions\/1317"}],"wp:featuredmedia":[{"embeddable":true,"href":"https:\/\/notiamba.com\/index.php\/wp-json\/wp\/v2\/media\/1316"}],"wp:attachment":[{"href":"https:\/\/notiamba.com\/index.php\/wp-json\/wp\/v2\/media?parent=1315"}],"wp:term":[{"taxonomy":"category","embeddable":true,"href":"https:\/\/notiamba.com\/index.php\/wp-json\/wp\/v2\/categories?post=1315"},{"taxonomy":"post_tag","embeddable":true,"href":"https:\/\/notiamba.com\/index.php\/wp-json\/wp\/v2\/tags?post=1315"}],"curies":[{"name":"wp","href":"https:\/\/api.w.org\/{rel}","templated":true}]}}