{"id":1284,"date":"2023-09-29T12:52:00","date_gmt":"2023-09-29T12:52:00","guid":{"rendered":"http:\/\/notiamba.com\/?p=1284"},"modified":"2023-11-14T14:55:08","modified_gmt":"2023-11-14T14:55:08","slug":"se-viene-el-festival-internacional-de-jazz-en-merlo","status":"publish","type":"post","link":"https:\/\/notiamba.com\/index.php\/2023\/09\/29\/se-viene-el-festival-internacional-de-jazz-en-merlo\/","title":{"rendered":"SE VIENE EL FESTIVAL INTERNACIONAL DE JAZZ EN MERLO"},"content":{"rendered":"\n<p>Desde el 6 de octubre el&nbsp;<a href=\"https:\/\/www.merlo.gob.ar\/\">Muni<\/a><a href=\"https:\/\/www.merlo.gob.ar\/\">cipio de Merlo<\/a>&nbsp;brindar\u00e1 un festival internacional de Jazz durante tres d\u00edas en donde estar\u00e1n presentes diversos artistas y m\u00fasicos del municipio.<\/p>\n\n\n\n<p>La 6ta edici\u00f3n se desarrollar\u00e1 con grandes artistas invitados a partir del 6 de octubre durante 3 d\u00edas.<\/p>\n\n\n\n<p>La&nbsp;<a href=\"https:\/\/www.merlo.gob.ar\/secretariadecultura\/\">Secretar\u00eda de Cultura&nbsp;<\/a>organiz\u00f3 el evento durante los d\u00edas 6, 7 y 8 de octubre a partir de las 15hs, donde asistir\u00e1n grandes exponentes nacionales e internacionales del g\u00e9nero musical jazz. De igual forma, habr\u00e1 pintura en vivo, exposiciones, ferias y mucho m\u00e1s.<\/p>\n\n\n\n<p><strong>CRONOGRAMA DEL FESTIVAL<\/strong><\/p>\n\n\n\n<h5 class=\"wp-block-heading\">Viernes 06\/10<\/h5>\n\n\n\n<ul class=\"wp-block-list\"><li>Dancing Mood<\/li><li>Luis Salinas Grupo<\/li><li>Swing Summit<\/li><li>Jazz Club Jujuy<\/li><li>Lastronauta Orquesta<\/li><li>Tarantino y Les Mafiosi<\/li><li>Intinerante MPB<\/li><li>Yaguaret\u00e9 57<\/li><li>Cuarteto Viraje<\/li><li>Leo Praticelli Jazz Trio<\/li><li>Combo Jazz Band<\/li><li>Baterius Cuatro<\/li><li>Human Jazz<\/li><\/ul>\n\n\n\n<h5 class=\"wp-block-heading\">S\u00e1bado 07\/10<\/h5>\n\n\n\n<ul class=\"wp-block-list\"><li>Melingo<\/li><li>Roberto Pettinato<\/li><li>Yamile Burich Trio<\/li><li>Merlo Big Band<\/li><li>Maria Cueto<\/li><li>La Inc\u00f3gnita Big Band<\/li><li>The Clusters<\/li><li>Unar Hur Big Band<\/li><li>Lae<\/li><li>Reconquista Big Band<\/li><li>Di Lorenzo Jazz 4Tet<\/li><\/ul>\n\n\n\n<h5 class=\"wp-block-heading\">Domingo 08\/10<\/h5>\n\n\n\n<ul class=\"wp-block-list\"><li>Escalandrum<\/li><li>Gillespi y su Banda<\/li><li>Andy Chango<\/li><li>Iv\u00e1n Papetti<\/li><li>Khang\u00fciry<\/li><li>Facundo Ferreira Quinteto<\/li><li>Pablo Lobos Trio<\/li><li>Marcos Bocco Trio<\/li><li>Pablo Merletti<\/li><li>Anto Gandini Grupo<\/li><li>Tripass<\/li><li>La Marechal Big Band<\/li><li>Noise Jazz<\/li><\/ul>\n\n\n\n<p>El evento tendr\u00e1 lugar en la Casa de la Cultura, Av. Calle Real 298, con entrada libre y gratuita para todo el p\u00fablico merlense y para los vecinos de zonas aleda\u00f1as.<\/p>\n","protected":false},"excerpt":{"rendered":"<p>Desde el 6 de octubre el&nbsp;Municipio de Merlo&nbsp;brindar\u00e1 un festival internacional de Jazz durante tres d\u00edas en donde estar\u00e1n presentes diversos artistas y m\u00fasicos del municipio. La 6ta edici\u00f3n se desarrollar\u00e1 con grandes artistas invitados a partir del 6 de octubre durante 3 d\u00edas. La&nbsp;Secretar\u00eda de Cultura&nbsp;organiz\u00f3 el evento durante los d\u00edas 6, 7 y [&hellip;]<\/p>\n","protected":false},"author":1,"featured_media":1285,"comment_status":"open","ping_status":"open","sticky":false,"template":"","format":"standard","meta":{"footnotes":""},"categories":[26],"tags":[],"class_list":{"0":"post-1284","1":"post","2":"type-post","3":"status-publish","4":"format-standard","5":"has-post-thumbnail","7":"category-cultura-merlo"},"_links":{"self":[{"href":"https:\/\/notiamba.com\/index.php\/wp-json\/wp\/v2\/posts\/1284","targetHints":{"allow":["GET"]}}],"collection":[{"href":"https:\/\/notiamba.com\/index.php\/wp-json\/wp\/v2\/posts"}],"about":[{"href":"https:\/\/notiamba.com\/index.php\/wp-json\/wp\/v2\/types\/post"}],"author":[{"embeddable":true,"href":"https:\/\/notiamba.com\/index.php\/wp-json\/wp\/v2\/users\/1"}],"replies":[{"embeddable":true,"href":"https:\/\/notiamba.com\/index.php\/wp-json\/wp\/v2\/comments?post=1284"}],"version-history":[{"count":1,"href":"https:\/\/notiamba.com\/index.php\/wp-json\/wp\/v2\/posts\/1284\/revisions"}],"predecessor-version":[{"id":1286,"href":"https:\/\/notiamba.com\/index.php\/wp-json\/wp\/v2\/posts\/1284\/revisions\/1286"}],"wp:featuredmedia":[{"embeddable":true,"href":"https:\/\/notiamba.com\/index.php\/wp-json\/wp\/v2\/media\/1285"}],"wp:attachment":[{"href":"https:\/\/notiamba.com\/index.php\/wp-json\/wp\/v2\/media?parent=1284"}],"wp:term":[{"taxonomy":"category","embeddable":true,"href":"https:\/\/notiamba.com\/index.php\/wp-json\/wp\/v2\/categories?post=1284"},{"taxonomy":"post_tag","embeddable":true,"href":"https:\/\/notiamba.com\/index.php\/wp-json\/wp\/v2\/tags?post=1284"}],"curies":[{"name":"wp","href":"https:\/\/api.w.org\/{rel}","templated":true}]}}