{"id":1100,"date":"2023-03-01T02:34:00","date_gmt":"2023-03-01T02:34:00","guid":{"rendered":"http:\/\/notiamba.com\/?p=1100"},"modified":"2023-11-14T15:11:33","modified_gmt":"2023-11-14T15:11:33","slug":"gustavo-menendez-presente-en-la-apertura-de-sesiones-legislativas-2023","status":"publish","type":"post","link":"https:\/\/notiamba.com\/index.php\/2023\/03\/01\/gustavo-menendez-presente-en-la-apertura-de-sesiones-legislativas-2023\/","title":{"rendered":"GUSTAVO MEN\u00c9NDEZ PRESENTE EN LA APERTURA DE SESIONES LEGISLATIVAS 2023"},"content":{"rendered":"\n<p>El intendente en uso de licencia de Merlo y actual pte. de Grupo Provincia, Gustavo Men\u00e9ndez, asisti\u00f3 a la 141\u00b0 per\u00edodo de sesiones ordinarias encabezado por el presidente de la naci\u00f3n Alberto Fern\u00e1ndez en el Congreso.<\/p>\n\n\n\n<p>Se lo pudo observar a Men\u00e9ndez a trav\u00e9s de sus redes sociales en uno de los palcos del Congreso junto a otros intendentes y pol\u00edticos del conurbano como Lucas Ghi, Fernando Espinoza, Federico Achaval, Gast\u00f3n Granados, Mariel Fern\u00e1ndez, entre otros.<\/p>\n\n\n\n<p>Tambi\u00e9n, este miercoles en el marco de la inauguraci\u00f3n estuv\u00f3 presente su hermana y actual intendenta de Merlo, Karina Men\u00e9ndez donde el presidente profundiz\u00f3 Fern\u00e1ndez ponder\u00f3 los 40 a\u00f1os de democracia que se cumplen este a\u00f1o.<\/p>\n\n\n\n<figure class=\"wp-block-image\"><a class=\"\" href=\"data:image\/gif;base64,R0lGODlhAQABAAAAACH5BAEKAAEALAAAAAABAAEAAAICTAEAOw==\"><img decoding=\"async\" src=\"https:\/\/i0.wp.com\/bunker949.com\/wp-content\/uploads\/2023\/03\/858fcd0e-7e79-4d53-9ec0-ad19c12dd65f-1.jpg?resize=461%2C1024\" alt=\"\" class=\"wp-image-18901\"\/><\/a><\/figure>\n\n\n\n<p>Adem\u00e1s de la presencia del presidente, se viv\u00f3 por primera vez en la historia que tres mujeres presidan una Asamblea Legislativa en la que se encontraba la vicepresidenta Cristina Fern\u00e1ndez de Kirchner, la presidenta provisional del Senado, la santiague\u00f1a Claudia Ledesma, y la titular de la C\u00e1mara de Diputados, Cecilia Moreau.<\/p>\n","protected":false},"excerpt":{"rendered":"<p>El intendente en uso de licencia de Merlo y actual pte. de Grupo Provincia, Gustavo Men\u00e9ndez, asisti\u00f3 a la 141\u00b0 per\u00edodo de sesiones ordinarias encabezado por el presidente de la naci\u00f3n Alberto Fern\u00e1ndez en el Congreso. Se lo pudo observar a Men\u00e9ndez a trav\u00e9s de sus redes sociales en uno de los palcos del Congreso [&hellip;]<\/p>\n","protected":false},"author":1,"featured_media":1101,"comment_status":"closed","ping_status":"closed","sticky":false,"template":"","format":"standard","meta":{"footnotes":""},"categories":[12],"tags":[],"class_list":{"0":"post-1100","1":"post","2":"type-post","3":"status-publish","4":"format-standard","5":"has-post-thumbnail","7":"category-politica-merlo"},"_links":{"self":[{"href":"https:\/\/notiamba.com\/index.php\/wp-json\/wp\/v2\/posts\/1100","targetHints":{"allow":["GET"]}}],"collection":[{"href":"https:\/\/notiamba.com\/index.php\/wp-json\/wp\/v2\/posts"}],"about":[{"href":"https:\/\/notiamba.com\/index.php\/wp-json\/wp\/v2\/types\/post"}],"author":[{"embeddable":true,"href":"https:\/\/notiamba.com\/index.php\/wp-json\/wp\/v2\/users\/1"}],"replies":[{"embeddable":true,"href":"https:\/\/notiamba.com\/index.php\/wp-json\/wp\/v2\/comments?post=1100"}],"version-history":[{"count":1,"href":"https:\/\/notiamba.com\/index.php\/wp-json\/wp\/v2\/posts\/1100\/revisions"}],"predecessor-version":[{"id":1102,"href":"https:\/\/notiamba.com\/index.php\/wp-json\/wp\/v2\/posts\/1100\/revisions\/1102"}],"wp:featuredmedia":[{"embeddable":true,"href":"https:\/\/notiamba.com\/index.php\/wp-json\/wp\/v2\/media\/1101"}],"wp:attachment":[{"href":"https:\/\/notiamba.com\/index.php\/wp-json\/wp\/v2\/media?parent=1100"}],"wp:term":[{"taxonomy":"category","embeddable":true,"href":"https:\/\/notiamba.com\/index.php\/wp-json\/wp\/v2\/categories?post=1100"},{"taxonomy":"post_tag","embeddable":true,"href":"https:\/\/notiamba.com\/index.php\/wp-json\/wp\/v2\/tags?post=1100"}],"curies":[{"name":"wp","href":"https:\/\/api.w.org\/{rel}","templated":true}]}}