{"id":1097,"date":"2023-02-28T23:27:00","date_gmt":"2023-02-28T23:27:00","guid":{"rendered":"http:\/\/notiamba.com\/?p=1097"},"modified":"2023-11-14T15:11:50","modified_gmt":"2023-11-14T15:11:50","slug":"merlo-despide-con-sumo-dolor-a-marcela-maidana","status":"publish","type":"post","link":"https:\/\/notiamba.com\/index.php\/2023\/02\/28\/merlo-despide-con-sumo-dolor-a-marcela-maidana\/","title":{"rendered":"MERLO DESPIDE CON SUMO DOLOR A MARCELA MAIDANA"},"content":{"rendered":"\n<p>La actual Directora de Derechos Humanos del municipio y concejal mandato cumplido, falleci\u00f3 este domingo a los 56 a\u00f1os, v\u00edctima de una larga enfermedad. Compa\u00f1eros, amigos, familiares y diferentes actores pol\u00edticos la despidieron con honda tristeza.<\/p>\n\n\n\n<p>En la tarde de este lunes, fueron inhumados los restos de Marcela Maidana, dirigente pol\u00edtica que se desempe\u00f1aba actualmente al frente de la Direcci\u00f3n de DD. HH. de Merlo.<br>Querida y respetada por sus pares y el p\u00fablico en general, Maidana supo hacer una carrera signada por la lucha y el compromiso social.<\/p>\n\n\n\n<p>De profesi\u00f3n bibliotecaria, comenz\u00f3 haciendo sus primeras armas en el gremio SUTEBA de Merlo.<\/p>\n\n\n\n<p>Tuvo una destacada labor en su paso como concejal, luchando por la libertad pol\u00edtica en el distrito, en \u00e9pocas del gobierno de Ra\u00fal Othaceh\u00e9. Donde se constituy\u00f3 como una importante referente de la oposici\u00f3n, dada su palabra fuerte y conocimiento de derechos humanos, junto a su compa\u00f1era de bancada Patricia Alvez. Durante esos a\u00f1os tuvo la valent\u00eda de se\u00f1alar a la vieja comisar\u00eda de Libertad, como un centro de detenci\u00f3n de desaparecidos, lo cual origin\u00f3 una violenta represi\u00f3n por parte de las fuerzas que respond\u00edan al ex Intendente.<\/p>\n\n\n\n<p>Una vez que el partido opositor encabezado por Gustavo Men\u00e9ndez gan\u00f3 las elecciones, Marcela Maidana, comenz\u00f3 su tarea como Directora de Derechos Humanos del distrito. All\u00ed tambi\u00e9n desarroll\u00f3 una gran tarea, logrando un hecho \u00fanico en la ciudad, que fue visibilizar a los desaparecidos de Merlo durante la \u00faltima dictadura militar, se\u00f1alizando las calles donde estos viv\u00edan con sus respectivos nombres.<\/p>\n\n\n\n<p>Hasta sus \u00faltimos d\u00edas, sigui\u00f3 luchando a trav\u00e9s de su cartera por la memoria, la verdad y la justicia, como lo hizo recordando a los desaparecidos tambi\u00e9n en democracia.<\/p>\n\n\n\n<p>Una gran cantidad de p\u00fablico se dio cita en su velatorio llevado a cabo en el Parque San Martin, entre la que se destac\u00f3 la presencia de la Intendenta de Merlo Karina Men\u00e9ndez, el director de ACUMAR, ex Diputado y ex Intendente de Mor\u00f3n Mart\u00edn Sabbatella, la Diputada M\u00f3nica Macha, la Presidenta del Honorable Concejo Deliberante Alejandra Hann, el ex Diputado Provincial Alfredo \u00abLobi\u00bb Antonuccio, compa\u00f1eros de bloque, y distintos dirigentes.<\/p>\n\n\n\n<p><strong>MUY QUERIDA POR SUS PARES<\/strong><br>Todas las personas que compartieron labor junto a Maidana coinciden en recordarla de la misma manera, como una gran persona, siempre con una sonrisa y muy comprometida con sus ideales. Claudio Ricartes, quien milit\u00f3 la causa DD.HH. junto a ella record\u00f3: \u00abSiempre respeto sus convicciones, sus ideas y valores. Fue la primera Directora mujer de Derechos Humanos, y a partir de su gesti\u00f3n cambio todo y eso se notaba. Ten\u00eda una mirada territorial, no se conformaba con que se trabaje en el centro de Merlo o Padua, sino que se instalaba en los barrios mas alejados.\u00bb, resalt\u00f3.<\/p>\n\n\n\n<p>Por su parte, Anabella Osorio, con quien tambi\u00e9n trabaj\u00f3, la record\u00f3 de la siguiente manera: \u00abMarce se fue como vivi\u00f3 siempre luchando y con buen humor, con mucho compromiso, el mismo que ten\u00eda para cuando trabajaba en la huerta en Pontevedra, despu\u00e9s c\u00f3mo bibliotecaria y desde su militancia d\u00e1ndolo todo. Me quedo con su postura conciliadora, con su sonrisa y sus abrazos y los mensajes a cualquier hora preguntando algo para que no se nos pase ning\u00fan detalle.\u00bb, destac\u00f3 su compa\u00f1era.<\/p>\n\n\n\n<p>Por \u00faltimo, la Intendenta Karina Men\u00e9ndez dej\u00f3 unas sentidas palabras en su recuerdo: \u00abMarce siempre fue una compa\u00f1era valiente, que se la jug\u00f3 por lo que pensaba pero sobre todo por lo que sent\u00eda, milit\u00f3 los derechos humanos en el momento en el que en Merlo no exist\u00edan los derechos pol\u00edticos.\u00bb, y agreg\u00f3: \u00abSupo contagiarnos a todos y a todas de las causas justas, porque siempre supo resignificar el dolor con el amor. Y eso es el mayor legado que nos deja. Marce se hizo carne y abrazo en todos y todas las que la conocimos, contagio amor, pero tambi\u00e9n esperanza. Nos queda honrarla militando cada d\u00eda por una patria m\u00e1s justa, pero sobre todo con una patria con memoria.\u00bb<br>La mandataria merlenese concluy\u00f3: \u00abSiempre vas a estar presente, hasta la Victoria siempre Marce\u00bb.<\/p>\n\n\n\n<p>Asimismo, los integrantes del consejo enfatizaron \u201ctu dedicaci\u00f3n y compromiso en la causa de los Derechos Humanos. Tu voluntad y perseverancia nos abrieron la cabeza a muchos. Ayudaste a reconstruir una parte oscura de la historia de Merlo. Esta sonrisa generosa y compa\u00f1era se quedara siempre entre nosotros. \u00a1Hasta siempre Marcela!\u201d.<\/p>\n","protected":false},"excerpt":{"rendered":"<p>La actual Directora de Derechos Humanos del municipio y concejal mandato cumplido, falleci\u00f3 este domingo a los 56 a\u00f1os, v\u00edctima de una larga enfermedad. Compa\u00f1eros, amigos, familiares y diferentes actores pol\u00edticos la despidieron con honda tristeza. En la tarde de este lunes, fueron inhumados los restos de Marcela Maidana, dirigente pol\u00edtica que se desempe\u00f1aba actualmente [&hellip;]<\/p>\n","protected":false},"author":1,"featured_media":1098,"comment_status":"closed","ping_status":"closed","sticky":false,"template":"","format":"standard","meta":{"footnotes":""},"categories":[15],"tags":[],"class_list":{"0":"post-1097","1":"post","2":"type-post","3":"status-publish","4":"format-standard","5":"has-post-thumbnail","7":"category-sociedad-mello"},"_links":{"self":[{"href":"https:\/\/notiamba.com\/index.php\/wp-json\/wp\/v2\/posts\/1097","targetHints":{"allow":["GET"]}}],"collection":[{"href":"https:\/\/notiamba.com\/index.php\/wp-json\/wp\/v2\/posts"}],"about":[{"href":"https:\/\/notiamba.com\/index.php\/wp-json\/wp\/v2\/types\/post"}],"author":[{"embeddable":true,"href":"https:\/\/notiamba.com\/index.php\/wp-json\/wp\/v2\/users\/1"}],"replies":[{"embeddable":true,"href":"https:\/\/notiamba.com\/index.php\/wp-json\/wp\/v2\/comments?post=1097"}],"version-history":[{"count":1,"href":"https:\/\/notiamba.com\/index.php\/wp-json\/wp\/v2\/posts\/1097\/revisions"}],"predecessor-version":[{"id":1099,"href":"https:\/\/notiamba.com\/index.php\/wp-json\/wp\/v2\/posts\/1097\/revisions\/1099"}],"wp:featuredmedia":[{"embeddable":true,"href":"https:\/\/notiamba.com\/index.php\/wp-json\/wp\/v2\/media\/1098"}],"wp:attachment":[{"href":"https:\/\/notiamba.com\/index.php\/wp-json\/wp\/v2\/media?parent=1097"}],"wp:term":[{"taxonomy":"category","embeddable":true,"href":"https:\/\/notiamba.com\/index.php\/wp-json\/wp\/v2\/categories?post=1097"},{"taxonomy":"post_tag","embeddable":true,"href":"https:\/\/notiamba.com\/index.php\/wp-json\/wp\/v2\/tags?post=1097"}],"curies":[{"name":"wp","href":"https:\/\/api.w.org\/{rel}","templated":true}]}}